{"id":23533,"date":"2009-11-09T13:36:16","date_gmt":"2009-11-09T13:36:16","guid":{"rendered":"https:\/\/obscom.intervozes.org.br\/wordpress\/?p=23533"},"modified":"2009-11-09T13:36:16","modified_gmt":"2009-11-09T13:36:16","slug":"seminario-debate-consolidacao-de-leis-sobre-telecomunicacoes","status":"publish","type":"post","link":"https:\/\/obscom.intervozes.org.br\/?p=23533","title":{"rendered":"Semin\u00e1rio debate consolida\u00e7\u00e3o de leis sobre telecomunica\u00e7\u00f5es"},"content":{"rendered":"<p><strong>Reproduzido da Ag&ecirc;ncia C&acirc;mara <\/strong><\/p>\n<p>O Grupo de Trabalho de Consolida&ccedil;&atilde;o das Leis promove semin&aacute;rio nesta ter&ccedil;a-feira (10) sobre a moderniza&ccedil;&atilde;o da legisla&ccedil;&atilde;o brasileira de radiodifus&atilde;o. O evento foi proposto pelo deputado Jos&eacute; Mentor (PT-SP), que coordena o grupo de trabalho e &eacute; relator do Projeto de Lei 3516\/08, que consolida a legisla&ccedil;&atilde;o sobre telecomunica&ccedil;&otilde;es.<\/p>\n<p>O semin&aacute;rio, que tem o apoio da Associa&ccedil;&atilde;o Brasileira de Emissoras de R&aacute;dio e Televis&atilde;o (Abert) e da Associa&ccedil;&atilde;o Brasileira de Radiodifus&atilde;o Comunit&aacute;ria (Abra&ccedil;o), ser&aacute; composto por tr&ecirc;s pain&eacute;is. O primeiro tratar&aacute; das oportunidades de atualiza&ccedil;&atilde;o e moderniza&ccedil;&atilde;o da legisla&ccedil;&atilde;o brasileira de radiodifus&atilde;o, o segundo discutir&aacute; o papel do Legislativo nas necessidades de atualiza&ccedil;&atilde;o das leis do setor e o &uacute;ltimo painel analisar&aacute; as oportunidades de moderniza&ccedil;&atilde;o da legisla&ccedil;&atilde;o brasileira a partir da vis&atilde;o empresarial.<\/p>\n<p>O evento ser&aacute; realizado de 9 &agrave;s 18 horas no audit&oacute;rio Freitas Nobre. Mais informa&ccedil;&otilde;es <a href=\"http:\/\/www2.camara.gov.br\/internet\/homeagencia\/materias.html?pk=142555&amp;pesq=Comunica%E7%E3o\">clique aqui<\/a> .<\/p>\n","protected":false},"excerpt":{"rendered":"<p>Reproduzido da Ag&ecirc;ncia C&acirc;mara O Grupo de Trabalho de Consolida&ccedil;&atilde;o das Leis promove semin&aacute;rio nesta ter&ccedil;a-feira (10) sobre a moderniza&ccedil;&atilde;o da legisla&ccedil;&atilde;o brasileira de radiodifus&atilde;o. O evento foi proposto pelo deputado Jos&eacute; Mentor (PT-SP), que coordena o grupo de trabalho e &eacute; relator do Projeto de Lei 3516\/08, que consolida a legisla&ccedil;&atilde;o sobre telecomunica&ccedil;&otilde;es. O &hellip; <a href=\"https:\/\/obscom.intervozes.org.br\/?p=23533\" class=\"more-link\">Continue lendo <span class=\"screen-reader-text\">Semin\u00e1rio debate consolida\u00e7\u00e3o de leis sobre telecomunica\u00e7\u00f5es<\/span> <span class=\"meta-nav\">&rarr;<\/span><\/a><\/p>\n","protected":false},"author":1,"featured_media":0,"comment_status":"open","ping_status":"open","sticky":false,"template":"","format":"standard","meta":{"footnotes":""},"categories":[39],"tags":[],"_links":{"self":[{"href":"https:\/\/obscom.intervozes.org.br\/index.php?rest_route=\/wp\/v2\/posts\/23533"}],"collection":[{"href":"https:\/\/obscom.intervozes.org.br\/index.php?rest_route=\/wp\/v2\/posts"}],"about":[{"href":"https:\/\/obscom.intervozes.org.br\/index.php?rest_route=\/wp\/v2\/types\/post"}],"author":[{"embeddable":true,"href":"https:\/\/obscom.intervozes.org.br\/index.php?rest_route=\/wp\/v2\/users\/1"}],"replies":[{"embeddable":true,"href":"https:\/\/obscom.intervozes.org.br\/index.php?rest_route=%2Fwp%2Fv2%2Fcomments&post=23533"}],"version-history":[{"count":0,"href":"https:\/\/obscom.intervozes.org.br\/index.php?rest_route=\/wp\/v2\/posts\/23533\/revisions"}],"wp:attachment":[{"href":"https:\/\/obscom.intervozes.org.br\/index.php?rest_route=%2Fwp%2Fv2%2Fmedia&parent=23533"}],"wp:term":[{"taxonomy":"category","embeddable":true,"href":"https:\/\/obscom.intervozes.org.br\/index.php?rest_route=%2Fwp%2Fv2%2Fcategories&post=23533"},{"taxonomy":"post_tag","embeddable":true,"href":"https:\/\/obscom.intervozes.org.br\/index.php?rest_route=%2Fwp%2Fv2%2Ftags&post=23533"}],"curies":[{"name":"wp","href":"https:\/\/api.w.org\/{rel}","templated":true}]}}