{"id":23532,"date":"2009-11-09T13:21:35","date_gmt":"2009-11-09T13:21:35","guid":{"rendered":"https:\/\/obscom.intervozes.org.br\/wordpress\/?p=23532"},"modified":"2009-11-09T13:21:35","modified_gmt":"2009-11-09T13:21:35","slug":"papel-das-radios-comunitarias-e-destaque-nas-etapas-estaduais-da-confecom","status":"publish","type":"post","link":"https:\/\/obscom.intervozes.org.br\/?p=23532","title":{"rendered":"Papel das r\u00e1dios comunit\u00e1rias \u00e9 destaque nas etapas estaduais da Confecom"},"content":{"rendered":"<p class=\"padrao\"><strong>Reproduzido da TeleS&iacute;ntese News <\/strong><\/p>\n<p>Quatro estados j&aacute; conclu&iacute;ram a etapa regional da 1&ordf; Confer&ecirc;ncia Nacional de Comunica&ccedil;&atilde;o: Acre, Piau&iacute;, Rio de Janeiro e Paran&aacute;. Para esta semana, est&atilde;o previstas as confer&ecirc;ncias em mais sete estados: Rond&ocirc;nia (12), Pernambuco (13), Mato Grosso do Sul (13), Bahia (14), Santa Catarina (14) e Tocantins (14). <\/p>\n<p>Nesses eventos, o tema de maior interesse nas discuss&otilde;es foi o da democratiza&ccedil;&atilde;o da informa&ccedil;&atilde;o em comunidades carentes. Situa&ccedil;&otilde;es de dificuldades enfrentadas em locais com os seringais do Acre, cidades do interior piauiense e favelas cariocas serviram de exemplo. Nos tr&ecirc;s casos, o papel social das r&aacute;dios comunit&aacute;rias para minimizar a defasagem da informa&ccedil;&atilde;o foi real&ccedil;ado. <\/p>\n<p>Na Conecom &#8211; Paran&aacute;, encerrada ontem ap&oacute;s tr&ecirc;s dias de debates, foram sistematizadas 177 propostas que ser&atilde;o enviadas &agrave; plen&aacute;ria nacional da Confecom, marcada para os dias 14 a 17 de dezembro. Foram eleitos 81 delegados, 36 dos empres&aacute;rios, 36 dos movimentos sociais e nove do poder p&uacute;blico, respeitando a representatividade aprovada pela Comiss&atilde;o Organizadora nacional.<\/p>\n<p>Entre as propostas apresentadas nos debates do Paran&aacute; est&atilde;o a cria&ccedil;&atilde;o de um conselho federal de jornalistas como instrumento de aplica&ccedil;&atilde;o do c&oacute;digo de &eacute;tica da profiss&atilde;o; a destina&ccedil;&atilde;o de publicidade p&uacute;blica para r&aacute;dios comunit&aacute;rias e proibi&ccedil;&atilde;o de veicula&ccedil;&atilde;o de conte&uacute;do homof&oacute;bico ou degradante &agrave; cultura GLBT nos meios de comunica&ccedil;&atilde;o foram aprovadas por unanimidade. (<em>Da reda&ccedil;&atilde;o, com assessoria de imprensa<\/em>)<\/p>\n","protected":false},"excerpt":{"rendered":"<p>Reproduzido da TeleS&iacute;ntese News Quatro estados j&aacute; conclu&iacute;ram a etapa regional da 1&ordf; Confer&ecirc;ncia Nacional de Comunica&ccedil;&atilde;o: Acre, Piau&iacute;, Rio de Janeiro e Paran&aacute;. Para esta semana, est&atilde;o previstas as confer&ecirc;ncias em mais sete estados: Rond&ocirc;nia (12), Pernambuco (13), Mato Grosso do Sul (13), Bahia (14), Santa Catarina (14) e Tocantins (14). Nesses eventos, o &hellip; <a href=\"https:\/\/obscom.intervozes.org.br\/?p=23532\" class=\"more-link\">Continue lendo <span class=\"screen-reader-text\">Papel das r\u00e1dios comunit\u00e1rias \u00e9 destaque nas etapas estaduais da Confecom<\/span> <span class=\"meta-nav\">&rarr;<\/span><\/a><\/p>\n","protected":false},"author":1,"featured_media":0,"comment_status":"open","ping_status":"open","sticky":false,"template":"","format":"standard","meta":{"footnotes":""},"categories":[39],"tags":[],"_links":{"self":[{"href":"https:\/\/obscom.intervozes.org.br\/index.php?rest_route=\/wp\/v2\/posts\/23532"}],"collection":[{"href":"https:\/\/obscom.intervozes.org.br\/index.php?rest_route=\/wp\/v2\/posts"}],"about":[{"href":"https:\/\/obscom.intervozes.org.br\/index.php?rest_route=\/wp\/v2\/types\/post"}],"author":[{"embeddable":true,"href":"https:\/\/obscom.intervozes.org.br\/index.php?rest_route=\/wp\/v2\/users\/1"}],"replies":[{"embeddable":true,"href":"https:\/\/obscom.intervozes.org.br\/index.php?rest_route=%2Fwp%2Fv2%2Fcomments&post=23532"}],"version-history":[{"count":0,"href":"https:\/\/obscom.intervozes.org.br\/index.php?rest_route=\/wp\/v2\/posts\/23532\/revisions"}],"wp:attachment":[{"href":"https:\/\/obscom.intervozes.org.br\/index.php?rest_route=%2Fwp%2Fv2%2Fmedia&parent=23532"}],"wp:term":[{"taxonomy":"category","embeddable":true,"href":"https:\/\/obscom.intervozes.org.br\/index.php?rest_route=%2Fwp%2Fv2%2Fcategories&post=23532"},{"taxonomy":"post_tag","embeddable":true,"href":"https:\/\/obscom.intervozes.org.br\/index.php?rest_route=%2Fwp%2Fv2%2Ftags&post=23532"}],"curies":[{"name":"wp","href":"https:\/\/api.w.org\/{rel}","templated":true}]}}