{"id":23530,"date":"2009-11-09T12:18:31","date_gmt":"2009-11-09T12:18:31","guid":{"rendered":"https:\/\/obscom.intervozes.org.br\/wordpress\/?p=23530"},"modified":"2009-11-09T12:18:31","modified_gmt":"2009-11-09T12:18:31","slug":"conferencia-livre-de-sergipe-reune-cerca-de-150-pessoas-para-discutir-comunicacao","status":"publish","type":"post","link":"https:\/\/obscom.intervozes.org.br\/?p=23530","title":{"rendered":"Confer\u00eancia Livre de Sergipe re\u00fane cerca de 150 pessoas para discutir Comunica\u00e7\u00e3o"},"content":{"rendered":"<p><span class=\"padrao\">Com um misto de ansiedade, clamor e muito n&oacute; na garganta,&nbsp; foi dada a largada para o processo&nbsp; da Confer&ecirc;ncia de Comunica&ccedil;&atilde;o em Sergipe, com a desenvolvimento da 1&ordm; Confer&ecirc;ncia Livre de Sergipe, evento&nbsp; desenvolvido&nbsp; pela Comiss&atilde;o Organizadora Estadual, que reuniu mais de 150 pessoas para discutir, formular e construir propostas para um novo modelo de comunica&ccedil;&atilde;o no estado e no pa&iacute;s.<\/p>\n<p>Com palestrantes como Rosely Goffman, representante do Conselho Federal de Pisicologia, Jonas Valente, militante do Coletivo Intevozes de Comunica&ccedil;&atilde;o e Josemary,&nbsp; membro da Associa&ccedil;&atilde;o Brasileiira&nbsp; de R&aacute;dios e Tvs Educativas , o tema de Comunica&ccedil;&atilde;o foi dividido em 3 subtemas: Meios de Distribui&ccedil;&atilde;o, Cidadania: Direito e Deveres&nbsp; e Constru&ccedil;&atilde;o de Conte&uacute;do.<\/p>\n<p>Para Jonas Valente, as etapas preparat&oacute;rias s&atilde;o extremamente importantes para subsidias as dicuss&otilde;es para a etapa estadual e nacional, al&eacute;m emponderar as pessoas sobre um tema que nunca antes fora discutido, a comunica&ccedil;&atilde;o.<\/p>\n<p>Sempre percebi que tudo isso era injusto, que a comunica&ccedil;&atilde;o sempre foi tratada como uma mercadoria e estou muito feliz em ter direito de falar sobre o que sinto de tudo isso, desabafa Jo&atilde;o Moreira, membro da entidade Unegro.<\/p>\n<p>Esse &eacute; o momento para discutirmos e colocarmos todas as afli&ccedil;&otilde;es e angustias sobre a &aacute;rea de comunica&ccedil;&atilde;o, mesmo que seja de forma intuitiva, haja vista que o tema de comunica&ccedil;&atilde;o ainda &eacute; muito novo para a grande parte da nossa popula&ccedil;&atilde;o, ressalta George Washington, presidente do Sindicato dos Jornalistas.<\/p>\n<p>No dia 12 de novembro, mais uma Confer&ecirc;ncia Livre ser&aacute; organizada pela TV Educativa Aperip&egrave;, e nos dias 19, 20 e 21 de novembro acontecer&aacute; a Confer&ecirc;ncia Sergipana de Comunica&ccedil;&atilde;o, em Aracaju, com expectativa&nbsp; de congregar 300 pessoas oriundas de todas as partes do estado.<\/span><\/p>\n","protected":false},"excerpt":{"rendered":"<p>Com um misto de ansiedade, clamor e muito n&oacute; na garganta,&nbsp; foi dada a largada para o processo&nbsp; da Confer&ecirc;ncia de Comunica&ccedil;&atilde;o em Sergipe, com a desenvolvimento da 1&ordm; Confer&ecirc;ncia Livre de Sergipe, evento&nbsp; desenvolvido&nbsp; pela Comiss&atilde;o Organizadora Estadual, que reuniu mais de 150 pessoas para discutir, formular e construir propostas para um novo modelo &hellip; <a href=\"https:\/\/obscom.intervozes.org.br\/?p=23530\" class=\"more-link\">Continue lendo <span class=\"screen-reader-text\">Confer\u00eancia Livre de Sergipe re\u00fane cerca de 150 pessoas para discutir Comunica\u00e7\u00e3o<\/span> <span class=\"meta-nav\">&rarr;<\/span><\/a><\/p>\n","protected":false},"author":1,"featured_media":0,"comment_status":"open","ping_status":"open","sticky":false,"template":"","format":"standard","meta":{"footnotes":""},"categories":[40],"tags":[1012],"_links":{"self":[{"href":"https:\/\/obscom.intervozes.org.br\/index.php?rest_route=\/wp\/v2\/posts\/23530"}],"collection":[{"href":"https:\/\/obscom.intervozes.org.br\/index.php?rest_route=\/wp\/v2\/posts"}],"about":[{"href":"https:\/\/obscom.intervozes.org.br\/index.php?rest_route=\/wp\/v2\/types\/post"}],"author":[{"embeddable":true,"href":"https:\/\/obscom.intervozes.org.br\/index.php?rest_route=\/wp\/v2\/users\/1"}],"replies":[{"embeddable":true,"href":"https:\/\/obscom.intervozes.org.br\/index.php?rest_route=%2Fwp%2Fv2%2Fcomments&post=23530"}],"version-history":[{"count":0,"href":"https:\/\/obscom.intervozes.org.br\/index.php?rest_route=\/wp\/v2\/posts\/23530\/revisions"}],"wp:attachment":[{"href":"https:\/\/obscom.intervozes.org.br\/index.php?rest_route=%2Fwp%2Fv2%2Fmedia&parent=23530"}],"wp:term":[{"taxonomy":"category","embeddable":true,"href":"https:\/\/obscom.intervozes.org.br\/index.php?rest_route=%2Fwp%2Fv2%2Fcategories&post=23530"},{"taxonomy":"post_tag","embeddable":true,"href":"https:\/\/obscom.intervozes.org.br\/index.php?rest_route=%2Fwp%2Fv2%2Ftags&post=23530"}],"curies":[{"name":"wp","href":"https:\/\/api.w.org\/{rel}","templated":true}]}}