{"id":23524,"date":"2009-11-06T12:53:39","date_gmt":"2009-11-06T12:53:39","guid":{"rendered":"https:\/\/obscom.intervozes.org.br\/wordpress\/?p=23524"},"modified":"2009-11-06T12:53:39","modified_gmt":"2009-11-06T12:53:39","slug":"secretario-do-ministerio-da-cultura-fala-em-democratizacao-das-concessoes-de-tv","status":"publish","type":"post","link":"https:\/\/obscom.intervozes.org.br\/?p=23524","title":{"rendered":"Secret\u00e1rio do Minist\u00e9rio da Cultura fala em democratiza\u00e7\u00e3o das concess\u00f5es de TV"},"content":{"rendered":"<p>Durante o 1&deg; Encontro Internacional da Diversidade Cultural, em Salvador, Bahia, o Secret&aacute;rio da Identidade e da Diversidade Cultural do Minist&eacute;rio da Cultura (SID\/MinC), Am&eacute;rico C&oacute;rdula, declarou que o controle da m&iacute;dia no pa&iacute;s concentra-se nas m&atilde;os de &quot;cinco fam&iacute;lias&quot; e essas n&atilde;o colaboram na divulga&ccedil;&atilde;o da cultura local.<\/p>\n<p>O Secret&aacute;rio demonstrou preocupa&ccedil;&atilde;o com a pol&iacute;tica de concess&otilde;es de TVs e declarou que este &eacute; um &quot;problema para o qual o governo ainda n&atilde;o encontrou caminhos&quot;.<\/p>\n<p>Em entrevista ao portal Terra, C&oacute;rdula defendeu o estabelecimento de cotas para exibi&ccedil;&atilde;o de produ&ccedil;&otilde;es nacionais em TV e recha&ccedil;ou a acusa&ccedil;&atilde;o de que isso acabaria por mercantilizar a cultura, conforme reivindica&ccedil;&atilde;o de alguns movimentos. &quot;A cota &eacute; uma forma de regula&ccedil;&atilde;o, de mostrar nossa produ&ccedil;&atilde;o (&#8230;), e deixamos em aberto, ningu&eacute;m se preocupa em mostrar&quot;, explicou.<\/p>\n<p>Ele observou tamb&eacute;m que esfor&ccedil;os para produ&ccedil;&atilde;o cultural n&atilde;o surtem efeito se os meios de comunica&ccedil;&atilde;o n&atilde;o aderirem &agrave;s campanhas de divulga&ccedil;&atilde;o. Na avalia&ccedil;&atilde;o do secret&aacute;rio, a expans&atilde;o e valoriza&ccedil;&atilde;o da cultura ocorre por meio de um trabalho conjunto. &quot;Temos que trabalhar junto, estamos trabalhando na prote&ccedil;&atilde;o das diversidades culturais, mas a gente n&atilde;o tem o canal de divulga&ccedil;&atilde;o da cultura. N&atilde;o se trata de reserva, mas de abrir espa&ccedil;os para poder distribuir nossos conte&uacute;dos&quot;.<\/p>\n<p>Indagado pela reportagem se n&atilde;o seria uma contradi&ccedil;&atilde;o o Brasil estabelecer cotas para jogos eletr&ocirc;nicos e produ&ccedil;&otilde;es enquanto luta por abertura para vender os seus produtos em outros mercados, C&oacute;rdula ressaltou que nada est&aacute; definido em rela&ccedil;&atilde;o &agrave;s restri&ccedil;&otilde;es mercadol&oacute;gicas. Ele informou, ainda, que o estabelecimento de cotas &eacute; estudado desde a gest&atilde;o de Gilberto Gil, mas que a press&atilde;o das fam&iacute;lias que controlam os meios de comunica&ccedil;&atilde;o fez o movimento perder for&ccedil;a. &quot;As cinco fam&iacute;lias que controlam a m&iacute;dia conseguiram derrubar isso com seus lobbys&quot;, disse.<\/p>\n<p>Sobre concess&otilde;es, o Secret&aacute;rio avaliou que o esquema deve ser alterado para que produ&ccedil;&otilde;es regionais sejam levadas ao grande p&uacute;blico. Com isso, ainda segundo C&oacute;rdula, seria criado um repert&oacute;rio cultural mais vasto, contrariando a exibi&ccedil;&atilde;o conhecida de &quot;mais do mesmo&quot;.<\/p>\n<p>Para que o conte&uacute;do seja ent&atilde;o diversificado, o Secret&aacute;rio sugere uma divis&atilde;o de poder de controle dos meios de comunica&ccedil;&atilde;o. &quot;Acho que se voc&ecirc; colocar a m&iacute;dia na m&atilde;o de cinco, t&aacute; errado tamb&eacute;m. Voc&ecirc; deixa de fora uma produ&ccedil;&atilde;o enorme. Mas tamb&eacute;m n&atilde;o podemos ficar &agrave; merc&ecirc; dos grupos porque isso n&atilde;o funciona&quot;, declarou ao Terra.<\/p>\n","protected":false},"excerpt":{"rendered":"<p>Durante o 1&deg; Encontro Internacional da Diversidade Cultural, em Salvador, Bahia, o Secret&aacute;rio da Identidade e da Diversidade Cultural do Minist&eacute;rio da Cultura (SID\/MinC), Am&eacute;rico C&oacute;rdula, declarou que o controle da m&iacute;dia no pa&iacute;s concentra-se nas m&atilde;os de &quot;cinco fam&iacute;lias&quot; e essas n&atilde;o colaboram na divulga&ccedil;&atilde;o da cultura local. O Secret&aacute;rio demonstrou preocupa&ccedil;&atilde;o com a &hellip; <a href=\"https:\/\/obscom.intervozes.org.br\/?p=23524\" class=\"more-link\">Continue lendo <span class=\"screen-reader-text\">Secret\u00e1rio do Minist\u00e9rio da Cultura fala em democratiza\u00e7\u00e3o das concess\u00f5es de TV<\/span> <span class=\"meta-nav\">&rarr;<\/span><\/a><\/p>\n","protected":false},"author":1,"featured_media":0,"comment_status":"open","ping_status":"open","sticky":false,"template":"","format":"standard","meta":{"footnotes":""},"categories":[40],"tags":[106],"_links":{"self":[{"href":"https:\/\/obscom.intervozes.org.br\/index.php?rest_route=\/wp\/v2\/posts\/23524"}],"collection":[{"href":"https:\/\/obscom.intervozes.org.br\/index.php?rest_route=\/wp\/v2\/posts"}],"about":[{"href":"https:\/\/obscom.intervozes.org.br\/index.php?rest_route=\/wp\/v2\/types\/post"}],"author":[{"embeddable":true,"href":"https:\/\/obscom.intervozes.org.br\/index.php?rest_route=\/wp\/v2\/users\/1"}],"replies":[{"embeddable":true,"href":"https:\/\/obscom.intervozes.org.br\/index.php?rest_route=%2Fwp%2Fv2%2Fcomments&post=23524"}],"version-history":[{"count":0,"href":"https:\/\/obscom.intervozes.org.br\/index.php?rest_route=\/wp\/v2\/posts\/23524\/revisions"}],"wp:attachment":[{"href":"https:\/\/obscom.intervozes.org.br\/index.php?rest_route=%2Fwp%2Fv2%2Fmedia&parent=23524"}],"wp:term":[{"taxonomy":"category","embeddable":true,"href":"https:\/\/obscom.intervozes.org.br\/index.php?rest_route=%2Fwp%2Fv2%2Fcategories&post=23524"},{"taxonomy":"post_tag","embeddable":true,"href":"https:\/\/obscom.intervozes.org.br\/index.php?rest_route=%2Fwp%2Fv2%2Ftags&post=23524"}],"curies":[{"name":"wp","href":"https:\/\/api.w.org\/{rel}","templated":true}]}}