{"id":23522,"date":"2009-11-06T12:24:29","date_gmt":"2009-11-06T12:24:29","guid":{"rendered":"https:\/\/obscom.intervozes.org.br\/wordpress\/?p=23522"},"modified":"2009-11-06T12:24:29","modified_gmt":"2009-11-06T12:24:29","slug":"comissao-discutira-acesso-a-banda-larga-e-adocao-de-software-livre","status":"publish","type":"post","link":"https:\/\/obscom.intervozes.org.br\/?p=23522","title":{"rendered":"Comiss\u00e3o discutir\u00e1 acesso a banda larga e ado\u00e7\u00e3o de software livre"},"content":{"rendered":"<p><span class=\"padrao\">A Comiss&atilde;o de Ci&ecirc;ncia e Tecnologia, Comunica&ccedil;&atilde;o e Inform&aacute;tica vai realizar audi&ecirc;ncias p&uacute;blicas para debater os efeitos, implica&ccedil;&otilde;es e a viabilidade t&eacute;cnica e financeira da implementa&ccedil;&atilde;o do Plano Nacional de Banda Larga; e para discutir a ado&ccedil;&atilde;o de programas abertos de computador, conhecidos como software livre, pela administra&ccedil;&atilde;o p&uacute;blica direta e indireta.<\/p>\n<p>As audi&ecirc;ncias foram propostas pela deputada Luiza Erundina (PSB-SP) e ainda n&atilde;o t&ecirc;m data marcada.<br \/><strong><br \/>Software livre<\/strong><\/p>\n<p>De acordo com a deputada, o uso de programas de computador baseados em padr&otilde;es abertos e n&atilde;o propriet&aacute;rios &eacute; uma tend&ecirc;ncia consolidada no mercado de tecnologia de informa&ccedil;&atilde;o. &quot;A participa&ccedil;&atilde;o do mercado nesse tipo de software amplia-se a cada ano, tanto na iniciativa privada quanto no setor p&uacute;blico.&quot;<\/p>\n<p>Erundina lembra que o uso priorit&aacute;rio de software e de padr&otilde;es de licenciamento aberto &eacute; uma pol&iacute;tica do governo federal, o que acelera a amplia&ccedil;&atilde;o do uso desse tipo de solu&ccedil;&atilde;o em &acirc;mbito nacional.<br \/><strong><br \/>Banda larga<\/strong><\/p>\n<p>J&aacute; sobre a banda larga, a parlamentar afirma que o dom&iacute;nio dos diferentes recursos tecnol&oacute;gicos pelo Pa&iacute;s &eacute; condi&ccedil;&atilde;o necess&aacute;ria para o desenvolvimento, sendo que uma das ferramentas estrat&eacute;gicas para se alcan&ccedil;ar esse patamar &eacute; a inclus&atilde;o digital. &quot;O acesso precisa ser por meio de banda larga, com vistas &agrave; navega&ccedil;&atilde;o com qualidade, por&eacute;m o uso de internet de alta velocidade ainda &eacute; restrito.&quot;<\/p>\n<p>Durante a audi&ecirc;ncia p&uacute;blica, a comiss&atilde;o vai discutir assuntos relacionados &agrave; administra&ccedil;&atilde;o da rede de banda larga, a participa&ccedil;&atilde;o estatal e o papel da iniciativa privada no Plano Nacional de Banda Larga. Esse plano prev&ecirc; a implanta&ccedil;&atilde;o de uma rede de fibra &oacute;tica em todos os munic&iacute;pios do Pa&iacute;s.<\/p>\n<p><strong>Estudo t&eacute;cnico<\/strong><\/p>\n<p>O Conselho de Altos Estudos e Avalia&ccedil;&atilde;o Tecnol&oacute;gica da C&acirc;mara vai concluir at&eacute; o fim do ano a an&aacute;lise sobre a pol&iacute;tica mais adequada para garantir o acesso de todo brasileiro &agrave; internet banda larga. Ao final do estudo, os 23 deputados que comp&otilde;em o grupo poder&atilde;o apresentar projetos ou encaminhar sugest&otilde;es para o governo.<br \/><strong><br \/>Convidados<\/strong><\/p>\n<p>A audi&ecirc;ncia sobre software livre ser&aacute; realizada em duas etapas. <\/p>\n<p>Ser&atilde;o convidados para o debate:<\/p>\n<p>&#8211; o diretor de Tecnologia do Banco do Brasil, Jos&eacute; Francisco Alvarez Raya;<br \/>&#8211; o diretor-presidente do Servi&ccedil;o Federal de Processamento de Dados (Serpro), Marcos Vin&iacute;cius Ferreira Mazoni;<br \/>&#8211; o secret&aacute;rio de Log&iacute;stica e Tecnologia da Informa&ccedil;&atilde;o do Minist&eacute;rio do Planejamento, Rog&eacute;rio Santanna dos Santos;<br \/>&#8211; o presidente da Microsoft do Brasil, Michel Levy;<br \/>&#8211; o presidente da organiza&ccedil;&atilde;o ODF Alliance Brasil, Jomar Silva;<br \/>&#8211; o diretor-presidente da Associa&ccedil;&atilde;o Brasileira das Empresas de Software (Abes), Jos&eacute; Curcelli;<br \/>&#8211; o presidente da Federa&ccedil;&atilde;o Nacional das Empresas de Inform&aacute;tica (Fenainfo), Maur&iacute;cio Laval Pina de Sousa Mugnaini;<br \/>&#8211; Omar Kaminski, representante da Ordem dos Advogados do Brasil (OAB) no Paran&aacute;;<br \/>&#8211; S&eacute;rgio Amadeu da Silveira, doutor em Ci&ecirc;ncia Pol&iacute;tica e professor da Funda&ccedil;&atilde;o C&aacute;sper L&iacute;bero;<br \/>&#8211; representantes do Banco Central e da Receita Federal do Brasil.<\/p>\n<p>Para a audi&ecirc;ncia sobre o plano de banda larga, ser&atilde;o convidados:<\/p>\n<p>&#8211; o presidente da Ag&ecirc;ncia Nacional de Telecomunica&ccedil;&otilde;es (Anatel), Ronaldo Sardenberg;<br \/>&#8211; o secret&aacute;rio de Telecomunica&ccedil;&otilde;es do Minist&eacute;rio das Comunica&ccedil;&otilde;es, Roberto Pinto Martins;<br \/>&#8211; o secret&aacute;rio de Log&iacute;stica e Tecnologia da Informa&ccedil;&atilde;o do Minist&eacute;rio do Planejamento, Rog&eacute;rio Santanna dos Santos;<br \/>&#8211; o presidente da Telecomunica&ccedil;&otilde;es Brasileiras (Telebr&aacute;s), Jorge da Motta e Silva;<br \/>&#8211; o presidente da Associa&ccedil;&atilde;o Brasileira de Concession&aacute;rias de Servi&ccedil;o Fixo Comutado (Abrafix), Jos&eacute; Fernandes Pauletti;<br \/>&#8211; o presidente da Associa&ccedil;&atilde;o Brasileira dos Provedores de Acesso, Servi&ccedil;os e Informa&ccedil;&otilde;es da Rede Internet, Eduardo<br \/>Fumes Parajo;<br \/>&#8211; o presidente da Associa&ccedil;&atilde;o Brasileira de Pequenos Provedores de Internet e Telecomunica&ccedil;&otilde;es, Ricardo Lopes Sanchez;<br \/>&#8211; o presidente da empresa Inform&aacute;tica de Munic&iacute;pios Associados (IMA), Pedro Jaime Ziller de Ara&uacute;jo.<\/span><\/p>\n","protected":false},"excerpt":{"rendered":"<p>A Comiss&atilde;o de Ci&ecirc;ncia e Tecnologia, Comunica&ccedil;&atilde;o e Inform&aacute;tica vai realizar audi&ecirc;ncias p&uacute;blicas para debater os efeitos, implica&ccedil;&otilde;es e a viabilidade t&eacute;cnica e financeira da implementa&ccedil;&atilde;o do Plano Nacional de Banda Larga; e para discutir a ado&ccedil;&atilde;o de programas abertos de computador, conhecidos como software livre, pela administra&ccedil;&atilde;o p&uacute;blica direta e indireta. As audi&ecirc;ncias foram &hellip; <a href=\"https:\/\/obscom.intervozes.org.br\/?p=23522\" class=\"more-link\">Continue lendo <span class=\"screen-reader-text\">Comiss\u00e3o discutir\u00e1 acesso a banda larga e ado\u00e7\u00e3o de software livre<\/span> <span class=\"meta-nav\">&rarr;<\/span><\/a><\/p>\n","protected":false},"author":1,"featured_media":0,"comment_status":"open","ping_status":"open","sticky":false,"template":"","format":"standard","meta":{"footnotes":""},"categories":[40],"tags":[105],"_links":{"self":[{"href":"https:\/\/obscom.intervozes.org.br\/index.php?rest_route=\/wp\/v2\/posts\/23522"}],"collection":[{"href":"https:\/\/obscom.intervozes.org.br\/index.php?rest_route=\/wp\/v2\/posts"}],"about":[{"href":"https:\/\/obscom.intervozes.org.br\/index.php?rest_route=\/wp\/v2\/types\/post"}],"author":[{"embeddable":true,"href":"https:\/\/obscom.intervozes.org.br\/index.php?rest_route=\/wp\/v2\/users\/1"}],"replies":[{"embeddable":true,"href":"https:\/\/obscom.intervozes.org.br\/index.php?rest_route=%2Fwp%2Fv2%2Fcomments&post=23522"}],"version-history":[{"count":0,"href":"https:\/\/obscom.intervozes.org.br\/index.php?rest_route=\/wp\/v2\/posts\/23522\/revisions"}],"wp:attachment":[{"href":"https:\/\/obscom.intervozes.org.br\/index.php?rest_route=%2Fwp%2Fv2%2Fmedia&parent=23522"}],"wp:term":[{"taxonomy":"category","embeddable":true,"href":"https:\/\/obscom.intervozes.org.br\/index.php?rest_route=%2Fwp%2Fv2%2Fcategories&post=23522"},{"taxonomy":"post_tag","embeddable":true,"href":"https:\/\/obscom.intervozes.org.br\/index.php?rest_route=%2Fwp%2Fv2%2Ftags&post=23522"}],"curies":[{"name":"wp","href":"https:\/\/api.w.org\/{rel}","templated":true}]}}