{"id":23521,"date":"2009-11-06T12:15:48","date_gmt":"2009-11-06T12:15:48","guid":{"rendered":"https:\/\/obscom.intervozes.org.br\/wordpress\/?p=23521"},"modified":"2009-11-06T12:15:48","modified_gmt":"2009-11-06T12:15:48","slug":"camara-adia-decisao-sobre-concessoes-de-tv","status":"publish","type":"post","link":"https:\/\/obscom.intervozes.org.br\/?p=23521","title":{"rendered":"C\u00e2mara adia decis\u00e3o sobre concess\u00f5es de TV"},"content":{"rendered":"<p><span class=\"padrao\"><strong>Reproduzido de Telaviva News<\/strong><\/p>\n<p>Um pedido de vista conjunta feito por oito deputados adiou a delibera&ccedil;&atilde;o sobre a renova&ccedil;&atilde;o de seis concess&otilde;es de televis&atilde;o, entre elas a da R&aacute;dio e Televis&atilde;o Record em S&atilde;o Paulo e a da RBS TV Santa Rosa no Rio Grande do Sul. As renova&ccedil;&otilde;es estavam na pauta da Comiss&atilde;o de Ci&ecirc;ncia e Tecnologia, Comunica&ccedil;&atilde;o e Inform&aacute;tica (CCTCI) da C&acirc;mara dos Deputados na &uacute;ltima quarta-feira, 4. O pedido de vista atinge tamb&eacute;m os processos envolvendo as emissoras Televis&atilde;o Cultura (SC), TV Bauru (SP), TV Tocantins (GO) e Televis&atilde;o Gua&iacute;ba (RS).<\/p>\n<p>A vista conjunta foi solicitada pelos deputados Ant&ocirc;nio Carlos Chamariz (PTB\/AL), Beto Mansur (PP\/SP), Bispo G&ecirc; Tenuta (DEM\/SP), Glauber Braga (PSB\/RJ), Gustavo Fruet (PSDB\/PR), Luiza Erundina (PSB\/SP), M&aacute;rcio Marinho (PR\/BA) e Paulo Roberto Pereira (PTB\/RS). Os pareceres dos relatores dos casos s&atilde;o todos favor&aacute;veis &agrave; renova&ccedil;&atilde;o. (<em>Mariana Mazza<\/em>)<\/span><\/p>\n","protected":false},"excerpt":{"rendered":"<p>Reproduzido de Telaviva News Um pedido de vista conjunta feito por oito deputados adiou a delibera&ccedil;&atilde;o sobre a renova&ccedil;&atilde;o de seis concess&otilde;es de televis&atilde;o, entre elas a da R&aacute;dio e Televis&atilde;o Record em S&atilde;o Paulo e a da RBS TV Santa Rosa no Rio Grande do Sul. As renova&ccedil;&otilde;es estavam na pauta da Comiss&atilde;o de &hellip; <a href=\"https:\/\/obscom.intervozes.org.br\/?p=23521\" class=\"more-link\">Continue lendo <span class=\"screen-reader-text\">C\u00e2mara adia decis\u00e3o sobre concess\u00f5es de TV<\/span> <span class=\"meta-nav\">&rarr;<\/span><\/a><\/p>\n","protected":false},"author":1,"featured_media":0,"comment_status":"open","ping_status":"open","sticky":false,"template":"","format":"standard","meta":{"footnotes":""},"categories":[39],"tags":[],"_links":{"self":[{"href":"https:\/\/obscom.intervozes.org.br\/index.php?rest_route=\/wp\/v2\/posts\/23521"}],"collection":[{"href":"https:\/\/obscom.intervozes.org.br\/index.php?rest_route=\/wp\/v2\/posts"}],"about":[{"href":"https:\/\/obscom.intervozes.org.br\/index.php?rest_route=\/wp\/v2\/types\/post"}],"author":[{"embeddable":true,"href":"https:\/\/obscom.intervozes.org.br\/index.php?rest_route=\/wp\/v2\/users\/1"}],"replies":[{"embeddable":true,"href":"https:\/\/obscom.intervozes.org.br\/index.php?rest_route=%2Fwp%2Fv2%2Fcomments&post=23521"}],"version-history":[{"count":0,"href":"https:\/\/obscom.intervozes.org.br\/index.php?rest_route=\/wp\/v2\/posts\/23521\/revisions"}],"wp:attachment":[{"href":"https:\/\/obscom.intervozes.org.br\/index.php?rest_route=%2Fwp%2Fv2%2Fmedia&parent=23521"}],"wp:term":[{"taxonomy":"category","embeddable":true,"href":"https:\/\/obscom.intervozes.org.br\/index.php?rest_route=%2Fwp%2Fv2%2Fcategories&post=23521"},{"taxonomy":"post_tag","embeddable":true,"href":"https:\/\/obscom.intervozes.org.br\/index.php?rest_route=%2Fwp%2Fv2%2Ftags&post=23521"}],"curies":[{"name":"wp","href":"https:\/\/api.w.org\/{rel}","templated":true}]}}