{"id":23515,"date":"2009-11-05T12:17:19","date_gmt":"2009-11-05T12:17:19","guid":{"rendered":"https:\/\/obscom.intervozes.org.br\/wordpress\/?p=23515"},"modified":"2009-11-05T12:17:19","modified_gmt":"2009-11-05T12:17:19","slug":"site-da-conferencia-nacional-de-comunicacao-traz-informacoes-a-participantes-do-evento","status":"publish","type":"post","link":"https:\/\/obscom.intervozes.org.br\/?p=23515","title":{"rendered":"Site da Confer\u00eancia Nacional de Comunica\u00e7\u00e3o traz informa\u00e7\u00f5es a participantes do evento"},"content":{"rendered":"<p><span class=\"padrao\"><strong>Reproduzido da Ag&ecirc;ncia Brasil<\/strong><\/p>\n<p>Bras&iacute;lia &#8211; O portal com as informa&ccedil;&otilde;es da 1&ordf; Confer&ecirc;ncia Nacional de Comunica&ccedil;&atilde;o (Confecom) j&aacute; pode ser acessado pelas pessoas interessadas no endere&ccedil;o na internet www.confecom.com.br\/site\/. O evento ser&aacute; realizado em Bras&iacute;lia entre os dias 14 e 17 de dezembro.<\/p>\n<p>No portal, os participantes encontrar&atilde;o informa&ccedil;&otilde;es sobre a cidade e a agenda das confer&ecirc;ncias municipais que anteceder&atilde;o o encontro nacional.<\/p>\n<p>A Confecom ter&aacute; como tema central Comunica&ccedil;&atilde;o: Meios para a Constru&ccedil;&atilde;o de Direitos e de Cidadania Digital. A sua realiza&ccedil;&atilde;o foi reivindicada por movimentos sociais e sindicatos que pedem a revis&atilde;o das pol&iacute;ticas p&uacute;blicas para o setor de comunica&ccedil;&atilde;o.<\/p>\n<p>Eles defendem, entre outras quest&otilde;es, novos crit&eacute;rios para as concess&otilde;es de emissoras de r&aacute;dio e de televis&atilde;o e o financiamento p&uacute;blico para as m&iacute;dias comunit&aacute;rias. (<em>Amanda Cieglinski<\/em>) <\/span><\/p>\n","protected":false},"excerpt":{"rendered":"<p>Reproduzido da Ag&ecirc;ncia Brasil Bras&iacute;lia &#8211; O portal com as informa&ccedil;&otilde;es da 1&ordf; Confer&ecirc;ncia Nacional de Comunica&ccedil;&atilde;o (Confecom) j&aacute; pode ser acessado pelas pessoas interessadas no endere&ccedil;o na internet www.confecom.com.br\/site\/. O evento ser&aacute; realizado em Bras&iacute;lia entre os dias 14 e 17 de dezembro. No portal, os participantes encontrar&atilde;o informa&ccedil;&otilde;es sobre a cidade e a &hellip; <a href=\"https:\/\/obscom.intervozes.org.br\/?p=23515\" class=\"more-link\">Continue lendo <span class=\"screen-reader-text\">Site da Confer\u00eancia Nacional de Comunica\u00e7\u00e3o traz informa\u00e7\u00f5es a participantes do evento<\/span> <span class=\"meta-nav\">&rarr;<\/span><\/a><\/p>\n","protected":false},"author":1,"featured_media":0,"comment_status":"open","ping_status":"open","sticky":false,"template":"","format":"standard","meta":{"footnotes":""},"categories":[39],"tags":[],"_links":{"self":[{"href":"https:\/\/obscom.intervozes.org.br\/index.php?rest_route=\/wp\/v2\/posts\/23515"}],"collection":[{"href":"https:\/\/obscom.intervozes.org.br\/index.php?rest_route=\/wp\/v2\/posts"}],"about":[{"href":"https:\/\/obscom.intervozes.org.br\/index.php?rest_route=\/wp\/v2\/types\/post"}],"author":[{"embeddable":true,"href":"https:\/\/obscom.intervozes.org.br\/index.php?rest_route=\/wp\/v2\/users\/1"}],"replies":[{"embeddable":true,"href":"https:\/\/obscom.intervozes.org.br\/index.php?rest_route=%2Fwp%2Fv2%2Fcomments&post=23515"}],"version-history":[{"count":0,"href":"https:\/\/obscom.intervozes.org.br\/index.php?rest_route=\/wp\/v2\/posts\/23515\/revisions"}],"wp:attachment":[{"href":"https:\/\/obscom.intervozes.org.br\/index.php?rest_route=%2Fwp%2Fv2%2Fmedia&parent=23515"}],"wp:term":[{"taxonomy":"category","embeddable":true,"href":"https:\/\/obscom.intervozes.org.br\/index.php?rest_route=%2Fwp%2Fv2%2Fcategories&post=23515"},{"taxonomy":"post_tag","embeddable":true,"href":"https:\/\/obscom.intervozes.org.br\/index.php?rest_route=%2Fwp%2Fv2%2Ftags&post=23515"}],"curies":[{"name":"wp","href":"https:\/\/api.w.org\/{rel}","templated":true}]}}