{"id":23514,"date":"2009-11-05T12:14:01","date_gmt":"2009-11-05T12:14:01","guid":{"rendered":"https:\/\/obscom.intervozes.org.br\/wordpress\/?p=23514"},"modified":"2009-11-05T12:14:01","modified_gmt":"2009-11-05T12:14:01","slug":"educacao-aprova-concessao-de-radio-para-indigenas-e-quilombolas","status":"publish","type":"post","link":"https:\/\/obscom.intervozes.org.br\/?p=23514","title":{"rendered":"Educa\u00e7\u00e3o aprova concess\u00e3o de r\u00e1dio para ind\u00edgenas e quilombolas"},"content":{"rendered":"<p><span class=\"padrao\">A Comiss&atilde;o de Educa&ccedil;&atilde;o e Cultura aprovou na quarta-feira (28) a extens&atilde;o do direito de administrar r&aacute;dios comunit&aacute;rias &agrave;s comunidades ind&iacute;genas e quilombolas reconhecidas pelo Poder P&uacute;blico.<\/p>\n<p>O texto aprovado &eacute; o substitutivo da Comiss&atilde;o de Ci&ecirc;ncia e Tecnologia, Comunica&ccedil;&atilde;o e Inform&aacute;tica ao Projeto de Lei 2490\/07, do deputado Eduardo Valverde (PT-RO). O texto original beneficia apenas os ind&iacute;genas.<\/p>\n<p>Na opini&atilde;o do relator, deputado Ant&ocirc;nio Carlos Biffi (PT-MS), a medida &eacute; importante para promover a &quot;coes&atilde;o social e a preserva&ccedil;&atilde;o dos valores dessas comunidades, que tanto carecem de instrumentos para a prote&ccedil;&atilde;o de sua arte, cultura e tradi&ccedil;&atilde;o&quot;.<br \/><strong><br \/>Peculiaridades<\/strong><\/p>\n<p>Pela proposta, as comunidades atendidas devem utilizar o servi&ccedil;o de radiodifus&atilde;o para promover:<\/p>\n<p>&#8211; o respeito &agrave;s peculiaridades inerentes &agrave; condi&ccedil;&atilde;o dos ind&iacute;genas;<br \/>&#8211; a coes&atilde;o das comunidades ind&iacute;genas, os seus valores culturais, tradi&ccedil;&otilde;es, usos e costumes;<br \/>&#8211; a coopera&ccedil;&atilde;o, o esp&iacute;rito de iniciativa e as qualidades pessoais do &iacute;ndio, tendo em vista a melhoria de suas condi&ccedil;&otilde;es de vida e a sua integra&ccedil;&atilde;o no processo de desenvolvimento;<br \/>&#8211; as manifesta&ccedil;&otilde;es culturais e art&iacute;sticas;<br \/>&#8211; valores &eacute;ticos e da fam&iacute;lia;<br \/>&#8211; tradi&ccedil;&otilde;es;<br \/>&#8211; liberdade de express&atilde;o;<br \/>&#8211; integra&ccedil;&atilde;o;<br \/>&#8211; desenvolvimento econ&ocirc;mico dos quilombolas; e<br \/>&#8211; desenvolvimento das comunidades rurais.<\/p>\n<p>O substitutivo aprovado tamb&eacute;m determina que o Poder P&uacute;blico deve promover o desenvolvimento da radiodifus&atilde;o comunit&aacute;ria no meio rural. Para isso, poder&aacute; estabelecer rito simplificado de tramita&ccedil;&atilde;o dos processos de concess&atilde;o em comunidades comprovadamente carentes.<\/p>\n<p><strong>Tramita&ccedil;&atilde;o<br \/><\/strong><br \/>O projeto tramita em car&aacute;ter conclusivo e foi aprovado em 2008 pela Comiss&atilde;o de Direitos Humanos e Minorias; em abril deste ano, foi aprovado pela Comiss&atilde;o de Ci&ecirc;ncia e Tecnologia, Comunica&ccedil;&atilde;o e Inform&aacute;tica. Agora, o projeto encontra-se na Comiss&atilde;o Constitui&ccedil;&atilde;o e Justi&ccedil;a e de Cidadania, onde j&aacute; tem parecer favor&aacute;vel do relator, deputado Zenaldo Coutinho (PSDB-PA).<\/p>\n<p><strong>&Iacute;ntegra da proposta:<\/strong><br \/>&#8211; <a href=\"http:\/\/www2.camara.gov.br\/internet\/proposicoes\/chamadaExterna.html?link=http:\/\/www.camara.gov.br\/internet\/sileg\/Prop_Detalhe.asp?id=378269\">PL-2490\/2007<\/a> <br \/><\/span><\/p>\n","protected":false},"excerpt":{"rendered":"<p>A Comiss&atilde;o de Educa&ccedil;&atilde;o e Cultura aprovou na quarta-feira (28) a extens&atilde;o do direito de administrar r&aacute;dios comunit&aacute;rias &agrave;s comunidades ind&iacute;genas e quilombolas reconhecidas pelo Poder P&uacute;blico. O texto aprovado &eacute; o substitutivo da Comiss&atilde;o de Ci&ecirc;ncia e Tecnologia, Comunica&ccedil;&atilde;o e Inform&aacute;tica ao Projeto de Lei 2490\/07, do deputado Eduardo Valverde (PT-RO). O texto original &hellip; <a href=\"https:\/\/obscom.intervozes.org.br\/?p=23514\" class=\"more-link\">Continue lendo <span class=\"screen-reader-text\">Educa\u00e7\u00e3o aprova concess\u00e3o de r\u00e1dio para ind\u00edgenas e quilombolas<\/span> <span class=\"meta-nav\">&rarr;<\/span><\/a><\/p>\n","protected":false},"author":1,"featured_media":0,"comment_status":"open","ping_status":"open","sticky":false,"template":"","format":"standard","meta":{"footnotes":""},"categories":[40],"tags":[786],"_links":{"self":[{"href":"https:\/\/obscom.intervozes.org.br\/index.php?rest_route=\/wp\/v2\/posts\/23514"}],"collection":[{"href":"https:\/\/obscom.intervozes.org.br\/index.php?rest_route=\/wp\/v2\/posts"}],"about":[{"href":"https:\/\/obscom.intervozes.org.br\/index.php?rest_route=\/wp\/v2\/types\/post"}],"author":[{"embeddable":true,"href":"https:\/\/obscom.intervozes.org.br\/index.php?rest_route=\/wp\/v2\/users\/1"}],"replies":[{"embeddable":true,"href":"https:\/\/obscom.intervozes.org.br\/index.php?rest_route=%2Fwp%2Fv2%2Fcomments&post=23514"}],"version-history":[{"count":0,"href":"https:\/\/obscom.intervozes.org.br\/index.php?rest_route=\/wp\/v2\/posts\/23514\/revisions"}],"wp:attachment":[{"href":"https:\/\/obscom.intervozes.org.br\/index.php?rest_route=%2Fwp%2Fv2%2Fmedia&parent=23514"}],"wp:term":[{"taxonomy":"category","embeddable":true,"href":"https:\/\/obscom.intervozes.org.br\/index.php?rest_route=%2Fwp%2Fv2%2Fcategories&post=23514"},{"taxonomy":"post_tag","embeddable":true,"href":"https:\/\/obscom.intervozes.org.br\/index.php?rest_route=%2Fwp%2Fv2%2Ftags&post=23514"}],"curies":[{"name":"wp","href":"https:\/\/api.w.org\/{rel}","templated":true}]}}