{"id":23513,"date":"2009-11-05T12:05:06","date_gmt":"2009-11-05T12:05:06","guid":{"rendered":"https:\/\/obscom.intervozes.org.br\/wordpress\/?p=23513"},"modified":"2009-11-05T12:05:06","modified_gmt":"2009-11-05T12:05:06","slug":"projeto-restringe-concessoes-de-radios-comunitarias","status":"publish","type":"post","link":"https:\/\/obscom.intervozes.org.br\/?p=23513","title":{"rendered":"Projeto restringe concess\u00f5es de r\u00e1dios comunit\u00e1rias"},"content":{"rendered":"<p>[T&iacute;tulo original: Concess&atilde;o de r&aacute;dio comunit&aacute;ria poder&aacute; ficar restrita a entidade com pelo menos dois anos de atua&ccedil;&atilde;o] <\/p>\n<p>&nbsp;<\/p>\n<p><span class=\"padrao\">As autoriza&ccedil;&otilde;es para a explora&ccedil;&atilde;o do servi&ccedil;o de radiodifus&atilde;o comunit&aacute;ria poder&atilde;o ficar restritas a associa&ccedil;&otilde;es ou funda&ccedil;&otilde;es que estejam em atua&ccedil;&atilde;o h&aacute; pelo menos dois anos. Esse &eacute; o teor do projeto (PLS 260\/09) aprovado nesta quarta-feira (4), em decis&atilde;o terminativa, na Comiss&atilde;o de Ci&ecirc;ncia, Tecnologia, Inova&ccedil;&atilde;o, Comunica&ccedil;&atilde;o e Inform&aacute;tica (CCT). A mat&eacute;ria segue para a C&acirc;mara, caso n&atilde;o haja recurso para an&aacute;lise em Plen&aacute;rio.<\/p>\n<p>O texto, de autoria do senador Flexa Ribeiro (PSDB-PA), modifica a Lei das R&aacute;dios Comunit&aacute;rias (9.612\/98) e pretende evitar a utiliza&ccedil;&atilde;o da concess&atilde;o p&uacute;blica de forma inadequada por entidades &quot;a servi&ccedil;o de causas que n&atilde;o se coadunam com os fins para os quais a radiodifus&atilde;o comunit&aacute;ria foi criada&quot;, justificou.<\/p>\n<p>Ele afirmou que a altera&ccedil;&atilde;o na lei pretende evitar o aproveitamento econ&ocirc;mico das r&aacute;dios. Conforme explicou, em alguns casos, h&aacute; desvio de fun&ccedil;&atilde;o e a r&aacute;dio, que deveria servir a finalidades educativas, art&iacute;sticas, culturais e informativas e para a integra&ccedil;&atilde;o dos membros da comunidade atendida, acaba exercendo atividades comerciais, &quot;levando publicidade e n&atilde;o informa&ccedil;&atilde;o&quot; a essas comunidades.<\/p>\n<p>&#8211; As r&aacute;dios comunit&aacute;rias est&atilde;o invadindo o setor da comunica&ccedil;&atilde;o privada, comercial. &Eacute; preciso que fique bem definida a import&acirc;ncia da radio comunit&aacute;ria e seu espectro de atua&ccedil;&atilde;o &#8211; argumentou o parlamentar.<\/p>\n<p>O relator, senador Valdir Raupp (PMDB-RO), acatou emenda do senador Gerson Camata (PMDB-ES) pedindo a modifica&ccedil;&atilde;o da lei para excluir a express&atilde;o &quot;prefer&ecirc;ncias sexuais&quot; entre os princ&iacute;pios de n&atilde;o discrimina&ccedil;&atilde;o que as r&aacute;dios comunit&aacute;rias devem atender. Tais princ&iacute;pios incluem a n&atilde;o discrimina&ccedil;&atilde;o de ra&ccedil;a, sexo, religi&atilde;o, convic&ccedil;&atilde;o pol&iacute;tico-ideologica e condi&ccedil;&atilde;o social. Ao sugerir a mudan&ccedil;a, Camata argumentou que a manuten&ccedil;&atilde;o da express&atilde;o poderia facilitar a atua&ccedil;&atilde;o de ped&oacute;filos, por exemplo.<\/p>\n<p><strong>Atos<\/strong><\/p>\n<p>Foram aprovados ainda 29 atos que outorgam autoriza&ccedil;&atilde;o para o funcionamento de r&aacute;dios em munic&iacute;pios dos estados de Paran&aacute;, Santa Catarina, Maranh&atilde;o, Rio Grande do Sul, Mato Grosso, Para&iacute;ba, S&atilde;o Paulo, Cear&aacute;, Bahia, Minas Gerais, Rio de Janeiro, Goi&aacute;s, Alagoas, Pernambuco e Par&aacute;; outros dois atos de permiss&atilde;o de explora&ccedil;&atilde;o de servi&ccedil;o de radiodifus&atilde;o em S&atilde;o Paulo e Mato Grosso; e um ato que outorga concess&atilde;o para explora&ccedil;&atilde;o de servi&ccedil;o de radiodifus&atilde;o no Rio de Janeiro.<\/p>\n<p><strong>Ci&ecirc;ncia pela paz<\/strong><\/p>\n<p>Ao abrir a reuni&atilde;o desta quarta-feira, Flexa Ribeiro, que preside a CCT, informou que ser&aacute; realizada, no pr&oacute;ximo dia 12, audi&ecirc;ncia p&uacute;blica para comemorar o Dia Mundial da Ci&ecirc;ncia pela Paz e pelo Desenvolvimento, &agrave;s 9h, no Plen&aacute;rio do Senado.<\/p>\n<p><strong>Homenagem<\/strong><\/p>\n<p>Flexa Ribeiro tamb&eacute;m fez uma homenagem ao senador Fl&aacute;vio Torres (PDT-CE), suplente da senadora Patr&iacute;cia Saboya (PDT-CE). Torres dever&aacute; deixar o Senado na pr&oacute;xima semana, quando Patr&iacute;cia Saboya reassume seu mandato. Na homenagem, o parlamentar pelo Cear&aacute; ocupou a presid&ecirc;ncia do colegiado e v&aacute;rios senadores o felicitaram pela passagem de seu anivers&aacute;rio, comemorado neste dia 4, e por sua atua&ccedil;&atilde;o nos quatro meses de mandato.<\/span><\/p>\n","protected":false},"excerpt":{"rendered":"<p>[T&iacute;tulo original: Concess&atilde;o de r&aacute;dio comunit&aacute;ria poder&aacute; ficar restrita a entidade com pelo menos dois anos de atua&ccedil;&atilde;o] &nbsp; As autoriza&ccedil;&otilde;es para a explora&ccedil;&atilde;o do servi&ccedil;o de radiodifus&atilde;o comunit&aacute;ria poder&atilde;o ficar restritas a associa&ccedil;&otilde;es ou funda&ccedil;&otilde;es que estejam em atua&ccedil;&atilde;o h&aacute; pelo menos dois anos. Esse &eacute; o teor do projeto (PLS 260\/09) aprovado nesta &hellip; <a href=\"https:\/\/obscom.intervozes.org.br\/?p=23513\" class=\"more-link\">Continue lendo <span class=\"screen-reader-text\">Projeto restringe concess\u00f5es de r\u00e1dios comunit\u00e1rias<\/span> <span class=\"meta-nav\">&rarr;<\/span><\/a><\/p>\n","protected":false},"author":1,"featured_media":0,"comment_status":"open","ping_status":"open","sticky":false,"template":"","format":"standard","meta":{"footnotes":""},"categories":[40],"tags":[786],"_links":{"self":[{"href":"https:\/\/obscom.intervozes.org.br\/index.php?rest_route=\/wp\/v2\/posts\/23513"}],"collection":[{"href":"https:\/\/obscom.intervozes.org.br\/index.php?rest_route=\/wp\/v2\/posts"}],"about":[{"href":"https:\/\/obscom.intervozes.org.br\/index.php?rest_route=\/wp\/v2\/types\/post"}],"author":[{"embeddable":true,"href":"https:\/\/obscom.intervozes.org.br\/index.php?rest_route=\/wp\/v2\/users\/1"}],"replies":[{"embeddable":true,"href":"https:\/\/obscom.intervozes.org.br\/index.php?rest_route=%2Fwp%2Fv2%2Fcomments&post=23513"}],"version-history":[{"count":0,"href":"https:\/\/obscom.intervozes.org.br\/index.php?rest_route=\/wp\/v2\/posts\/23513\/revisions"}],"wp:attachment":[{"href":"https:\/\/obscom.intervozes.org.br\/index.php?rest_route=%2Fwp%2Fv2%2Fmedia&parent=23513"}],"wp:term":[{"taxonomy":"category","embeddable":true,"href":"https:\/\/obscom.intervozes.org.br\/index.php?rest_route=%2Fwp%2Fv2%2Fcategories&post=23513"},{"taxonomy":"post_tag","embeddable":true,"href":"https:\/\/obscom.intervozes.org.br\/index.php?rest_route=%2Fwp%2Fv2%2Ftags&post=23513"}],"curies":[{"name":"wp","href":"https:\/\/api.w.org\/{rel}","templated":true}]}}