{"id":23511,"date":"2009-11-05T11:51:54","date_gmt":"2009-11-05T11:51:54","guid":{"rendered":"https:\/\/obscom.intervozes.org.br\/wordpress\/?p=23511"},"modified":"2009-11-05T11:51:54","modified_gmt":"2009-11-05T11:51:54","slug":"produtores-independentes-querem-mais-espaco-para-conteudos-dedicados-a-tv","status":"publish","type":"post","link":"https:\/\/obscom.intervozes.org.br\/?p=23511","title":{"rendered":"Produtores independentes querem mais espa\u00e7o para conte\u00fados dedicados \u00e0 TV"},"content":{"rendered":"<p><span class=\"padrao\">O substitutivo ao PL 29\/07, que regulamenta o mercado de TV por assinatura e permite a entrada das teles no setor, apresentado na semana passada na Comiss&atilde;o de Ci&ecirc;ncia e Tecnologia da C&acirc;mara pelo relator, deputado Paulo Henrique Lustosa (PMDB-CE), tem o apoio dos produtores independentes de conte&uacute;do para televis&atilde;o. Por&eacute;m, eles defendem ainda pequenos ajustes, como na defini&ccedil;&atilde;o de espa&ccedil;o qualificado, e mais fomento &agrave; produ&ccedil;&atilde;o.<\/p>\n<p>Segundo o conselheiro da ABPI-TV (Associa&ccedil;&atilde;o Brasileira de Produtores Independentes para TV), Marcos Altberg, o conceito de espa&ccedil;o qualificado estabelecido no projeto privilegia a produ&ccedil;&atilde;o de filmes e document&aacute;rios, mas deixa de fora outras formas de conte&uacute;dos, como os que dialogam com a internet e outras m&iacute;dias. &ldquo;Programas especiais de conte&uacute;do art&iacute;sticos produzidos especialmente para as TVs n&atilde;o s&atilde;o contemplados no projeto&rdquo;, disse.<\/p>\n<p>Altberg tamb&eacute;m sente falta da destina&ccedil;&atilde;o do financiamento para esse tipo de produ&ccedil;&atilde;o nacional independente. &ldquo;O fomento &eacute; igualmente direcionado para filmes e document&aacute;rios&rdquo;, se queixa. Ele, entretanto, considera positiva a amplia&ccedil;&atilde;o das atribui&ccedil;&otilde;es da Ancine que, pela proposta, passaria a fiscalizar as quest&otilde;es envolvendo conte&uacute;do no novo Servi&ccedil;o de Acesso Condicionado (Sac). &ldquo;Essa ag&ecirc;ncia est&aacute; mais capacitada para a fun&ccedil;&atilde;o do que a Anatel, que &eacute; um &oacute;rg&atilde;o mais tecnol&oacute;gico&rdquo;, disse.<\/p>\n<p><strong>Emendas<\/strong><\/p>\n<p>O prazo para recebimento de emendas ao substitutivo do PL 29\/07 come&ccedil;ou a ser contado a partir de hoje e dura por cinco sess&otilde;es do plen&aacute;rio da C&acirc;mara. A previs&atilde;o &eacute; de que as propostas de altera&ccedil;&otilde;es ao texto sejam recebidas at&eacute; a pr&oacute;xima quarta-feira (11), caso n&atilde;o haja sess&otilde;es na sexta e segunda-feira. At&eacute; agora nenhuma emenda foi apresentada.<br \/><\/span><\/p>\n","protected":false},"excerpt":{"rendered":"<p>O substitutivo ao PL 29\/07, que regulamenta o mercado de TV por assinatura e permite a entrada das teles no setor, apresentado na semana passada na Comiss&atilde;o de Ci&ecirc;ncia e Tecnologia da C&acirc;mara pelo relator, deputado Paulo Henrique Lustosa (PMDB-CE), tem o apoio dos produtores independentes de conte&uacute;do para televis&atilde;o. Por&eacute;m, eles defendem ainda pequenos &hellip; <a href=\"https:\/\/obscom.intervozes.org.br\/?p=23511\" class=\"more-link\">Continue lendo <span class=\"screen-reader-text\">Produtores independentes querem mais espa\u00e7o para conte\u00fados dedicados \u00e0 TV<\/span> <span class=\"meta-nav\">&rarr;<\/span><\/a><\/p>\n","protected":false},"author":1,"featured_media":0,"comment_status":"open","ping_status":"open","sticky":false,"template":"","format":"standard","meta":{"footnotes":""},"categories":[40],"tags":[556],"_links":{"self":[{"href":"https:\/\/obscom.intervozes.org.br\/index.php?rest_route=\/wp\/v2\/posts\/23511"}],"collection":[{"href":"https:\/\/obscom.intervozes.org.br\/index.php?rest_route=\/wp\/v2\/posts"}],"about":[{"href":"https:\/\/obscom.intervozes.org.br\/index.php?rest_route=\/wp\/v2\/types\/post"}],"author":[{"embeddable":true,"href":"https:\/\/obscom.intervozes.org.br\/index.php?rest_route=\/wp\/v2\/users\/1"}],"replies":[{"embeddable":true,"href":"https:\/\/obscom.intervozes.org.br\/index.php?rest_route=%2Fwp%2Fv2%2Fcomments&post=23511"}],"version-history":[{"count":0,"href":"https:\/\/obscom.intervozes.org.br\/index.php?rest_route=\/wp\/v2\/posts\/23511\/revisions"}],"wp:attachment":[{"href":"https:\/\/obscom.intervozes.org.br\/index.php?rest_route=%2Fwp%2Fv2%2Fmedia&parent=23511"}],"wp:term":[{"taxonomy":"category","embeddable":true,"href":"https:\/\/obscom.intervozes.org.br\/index.php?rest_route=%2Fwp%2Fv2%2Fcategories&post=23511"},{"taxonomy":"post_tag","embeddable":true,"href":"https:\/\/obscom.intervozes.org.br\/index.php?rest_route=%2Fwp%2Fv2%2Ftags&post=23511"}],"curies":[{"name":"wp","href":"https:\/\/api.w.org\/{rel}","templated":true}]}}