{"id":23510,"date":"2009-11-05T11:48:39","date_gmt":"2009-11-05T11:48:39","guid":{"rendered":"https:\/\/obscom.intervozes.org.br\/wordpress\/?p=23510"},"modified":"2009-11-05T11:48:39","modified_gmt":"2009-11-05T11:48:39","slug":"camara-debatera-viabilidade-tecnica-e-economica-do-plano-nacional-de-banda-larga","status":"publish","type":"post","link":"https:\/\/obscom.intervozes.org.br\/?p=23510","title":{"rendered":"C\u00e2mara debater\u00e1 viabilidade t\u00e9cnica e econ\u00f4mica do Plano Nacional de Banda Larga"},"content":{"rendered":"<p><span class=\"padrao\">A viabilidade t&eacute;cnica e econ&ocirc;mica de o governo executar um Plano Nacional de Banda Larga ser&aacute; debatida pela C&acirc;mara dos Deputados em breve. A Comiss&atilde;o de Ci&ecirc;ncia e Tecnologia, Comunica&ccedil;&atilde;o e Inform&aacute;tica (CCTCI) da C&acirc;mara aprovou nesta quarta-feira, 4, um requerimento de autoria da deputada Luiza Erundina (PSB\/SP) para a realiza&ccedil;&atilde;o de uma audi&ecirc;ncia p&uacute;blica sobre o assunto. A data da audi&ecirc;ncia ainda n&atilde;o foi marcada.<\/p>\n<p>Em seu requerimento, a deputada defende a necessidade de um debate p&uacute;blico sobre a iniciativa governamental de criar um plano de expans&atilde;o da banda larga, servi&ccedil;o considerado estrat&eacute;gico para a deputada na real inclus&atilde;o digital da popula&ccedil;&atilde;o. &quot;Essa disposi&ccedil;&atilde;o do governo traz consigo v&aacute;rias d&uacute;vidas que precisam ser devidamente apreciadas e acompanhadas pelo Poder Legislativo, notadamente quest&otilde;es relacionadas com a administra&ccedil;&atilde;o dessa rede, a participa&ccedil;&atilde;o estatal no processo e o papel reservado &agrave; iniciativa privada&quot;, argumenta.<\/p>\n<p>Luiza Erundina sugere que sejam convidados para o debate o secret&aacute;rio de Log&iacute;stica e Tecnologia da Informa&ccedil;&atilde;o do Minist&eacute;rio do Planejamento, Rog&eacute;rio Santanna, principal defensor de uma rede p&uacute;blica de banda larga; e o secret&aacute;rio de Telecomunica&ccedil;&otilde;es do Minicom, Roberto Pinto Martins, respons&aacute;vel pelo desenvolvimento de uma proposta que une esfor&ccedil;os tanto do governo quanto da iniciativa privada na execu&ccedil;&atilde;o do plano.<\/p>\n<p>Tamb&eacute;m deve ser convidado o presidente da Telebr&aacute;s, Jorge da Motta e Silva, j&aacute; que a estatal pode vir a ser usada como gestora da nova rede segundo declara&ccedil;&otilde;es de autoridades do governo. A audi&ecirc;ncia tamb&eacute;m dever&aacute; contar com a presen&ccedil;a do presidente da Anatel, embaixador Ronaldo Sardenberg; do presidente da Abrafix, Jos&eacute; Fernandes Pauletti; do presidente da Abranet, Eduardo Parajo; e do presidente da Abrappit, Ricardo Sanches. Erundina pretende convidar ainda o presidente da Inform&aacute;tica de Munic&iacute;pios Associados (IMA), Pedro Jaime Ziller. <\/span><\/p>\n","protected":false},"excerpt":{"rendered":"<p>A viabilidade t&eacute;cnica e econ&ocirc;mica de o governo executar um Plano Nacional de Banda Larga ser&aacute; debatida pela C&acirc;mara dos Deputados em breve. A Comiss&atilde;o de Ci&ecirc;ncia e Tecnologia, Comunica&ccedil;&atilde;o e Inform&aacute;tica (CCTCI) da C&acirc;mara aprovou nesta quarta-feira, 4, um requerimento de autoria da deputada Luiza Erundina (PSB\/SP) para a realiza&ccedil;&atilde;o de uma audi&ecirc;ncia p&uacute;blica &hellip; <a href=\"https:\/\/obscom.intervozes.org.br\/?p=23510\" class=\"more-link\">Continue lendo <span class=\"screen-reader-text\">C\u00e2mara debater\u00e1 viabilidade t\u00e9cnica e econ\u00f4mica do Plano Nacional de Banda Larga<\/span> <span class=\"meta-nav\">&rarr;<\/span><\/a><\/p>\n","protected":false},"author":1,"featured_media":0,"comment_status":"open","ping_status":"open","sticky":false,"template":"","format":"standard","meta":{"footnotes":""},"categories":[40],"tags":[105],"_links":{"self":[{"href":"https:\/\/obscom.intervozes.org.br\/index.php?rest_route=\/wp\/v2\/posts\/23510"}],"collection":[{"href":"https:\/\/obscom.intervozes.org.br\/index.php?rest_route=\/wp\/v2\/posts"}],"about":[{"href":"https:\/\/obscom.intervozes.org.br\/index.php?rest_route=\/wp\/v2\/types\/post"}],"author":[{"embeddable":true,"href":"https:\/\/obscom.intervozes.org.br\/index.php?rest_route=\/wp\/v2\/users\/1"}],"replies":[{"embeddable":true,"href":"https:\/\/obscom.intervozes.org.br\/index.php?rest_route=%2Fwp%2Fv2%2Fcomments&post=23510"}],"version-history":[{"count":0,"href":"https:\/\/obscom.intervozes.org.br\/index.php?rest_route=\/wp\/v2\/posts\/23510\/revisions"}],"wp:attachment":[{"href":"https:\/\/obscom.intervozes.org.br\/index.php?rest_route=%2Fwp%2Fv2%2Fmedia&parent=23510"}],"wp:term":[{"taxonomy":"category","embeddable":true,"href":"https:\/\/obscom.intervozes.org.br\/index.php?rest_route=%2Fwp%2Fv2%2Fcategories&post=23510"},{"taxonomy":"post_tag","embeddable":true,"href":"https:\/\/obscom.intervozes.org.br\/index.php?rest_route=%2Fwp%2Fv2%2Ftags&post=23510"}],"curies":[{"name":"wp","href":"https:\/\/api.w.org\/{rel}","templated":true}]}}