{"id":23485,"date":"2009-10-29T22:59:11","date_gmt":"2009-10-29T22:59:11","guid":{"rendered":"https:\/\/obscom.intervozes.org.br\/wordpress\/?p=23485"},"modified":"2009-10-29T22:59:11","modified_gmt":"2009-10-29T22:59:11","slug":"minc-fara-apresentacao-da-proposta-da-reforma-da-lei-de-direito-autoral-no-inicio-de-novembro","status":"publish","type":"post","link":"https:\/\/obscom.intervozes.org.br\/?p=23485","title":{"rendered":"MinC far\u00e1 apresenta\u00e7\u00e3o da proposta da reforma da lei de direito autoral no \u00ednicio de novembro"},"content":{"rendered":"<p>O Minist&eacute;rio da Cultura vai apresentar a proposta de reforma da lei de direitos autorais (Lei 9.610\/1998) no dia 9 de novembro, durante o III Congresso de Direito de Autor e Interesse P&uacute;blico, em S&atilde;o Paulo. Depois de apresentada publicamente, a proposta ser&aacute; levada a consulta p&uacute;blica. A expectativa do MinC &eacute; de que a proposta de reforma da lei entre na pauta do Congresso no in&iacute;cio do ano legislativo de 2010.<\/p>\n<p>O MinC anunciou a data oficial de apresenta&ccedil;&atilde;o da proposta depois de receber em 23 de outubro um apelo para a imediata publica&ccedil;&atilde;o da reforma da lei, assinado pelo Grupo de Pesquisa em Pol&iacute;ticas P&uacute;blicas para o Acesso &agrave; Informa&ccedil;&atilde;o da Universidade de S&atilde;oPaulo (Gpopai\/USP), Instituto Brasileiro de Defesa do Consumidor (Idec), Intervozes &ndash; Coletivo Brasil de Comunica&ccedil;&atilde;o Social, A&ccedil;&atilde;o Educativa, Instituto Paulo Freire, Movimento M&uacute;sica Para Baixar, S&eacute;rgio Amadeu, Ladislau Dowbor e Ivana Bentes.<\/p>\n<p>Os grupos e pessoas envolvidos no apelo participaram do processo de discuss&otilde;es sobre a lei de direitos autorais atual, conduzido pelo Minc nos &uacute;ltimos dois anos, processo que apontou a inadequa&ccedil;&atilde;o da lei frente &agrave;s necessidades da sociedade brasileira. A expectativa inicial era de que a proposta de uma nova lei fosse apresentada em abril de 2009.<\/p>\n<p>&ldquo;Tratar-se-ia, neste caso, do desperd&iacute;cio de uma oportunidade hist&oacute;rica de elaborar uma proposta avan&ccedil;ada, adequada &agrave; nova realidade tecnol&oacute;gica e &agrave;s necessidades efetivas da sociedade brasileira que hoje carece de respaldo legal para desenvolver de maneira adequada a educa&ccedil;&atilde;o e a cultura do pa&iacute;s&rdquo;, diz o apelo.<\/p>\n<p>As inscri&ccedil;&otilde;es para o III Congresso de Direito de Autor e Interesse P&uacute;blicos&atilde;o gratuitas e limitadas, podendo ser feitas at&eacute; o dia 4 de novembro no site http:\/\/www.direitoautoral.ufsc.br\/ (clique em &quot;Inscri&ccedil;&otilde;es&quot; e siga as instru&ccedil;&otilde;es).<\/p>\n","protected":false},"excerpt":{"rendered":"<p>O Minist&eacute;rio da Cultura vai apresentar a proposta de reforma da lei de direitos autorais (Lei 9.610\/1998) no dia 9 de novembro, durante o III Congresso de Direito de Autor e Interesse P&uacute;blico, em S&atilde;o Paulo. Depois de apresentada publicamente, a proposta ser&aacute; levada a consulta p&uacute;blica. A expectativa do MinC &eacute; de que a &hellip; <a href=\"https:\/\/obscom.intervozes.org.br\/?p=23485\" class=\"more-link\">Continue lendo <span class=\"screen-reader-text\">MinC far\u00e1 apresenta\u00e7\u00e3o da proposta da reforma da lei de direito autoral no \u00ednicio de novembro<\/span> <span class=\"meta-nav\">&rarr;<\/span><\/a><\/p>\n","protected":false},"author":1,"featured_media":0,"comment_status":"open","ping_status":"open","sticky":false,"template":"","format":"standard","meta":{"footnotes":""},"categories":[40],"tags":[141],"_links":{"self":[{"href":"https:\/\/obscom.intervozes.org.br\/index.php?rest_route=\/wp\/v2\/posts\/23485"}],"collection":[{"href":"https:\/\/obscom.intervozes.org.br\/index.php?rest_route=\/wp\/v2\/posts"}],"about":[{"href":"https:\/\/obscom.intervozes.org.br\/index.php?rest_route=\/wp\/v2\/types\/post"}],"author":[{"embeddable":true,"href":"https:\/\/obscom.intervozes.org.br\/index.php?rest_route=\/wp\/v2\/users\/1"}],"replies":[{"embeddable":true,"href":"https:\/\/obscom.intervozes.org.br\/index.php?rest_route=%2Fwp%2Fv2%2Fcomments&post=23485"}],"version-history":[{"count":0,"href":"https:\/\/obscom.intervozes.org.br\/index.php?rest_route=\/wp\/v2\/posts\/23485\/revisions"}],"wp:attachment":[{"href":"https:\/\/obscom.intervozes.org.br\/index.php?rest_route=%2Fwp%2Fv2%2Fmedia&parent=23485"}],"wp:term":[{"taxonomy":"category","embeddable":true,"href":"https:\/\/obscom.intervozes.org.br\/index.php?rest_route=%2Fwp%2Fv2%2Fcategories&post=23485"},{"taxonomy":"post_tag","embeddable":true,"href":"https:\/\/obscom.intervozes.org.br\/index.php?rest_route=%2Fwp%2Fv2%2Ftags&post=23485"}],"curies":[{"name":"wp","href":"https:\/\/api.w.org\/{rel}","templated":true}]}}