{"id":23473,"date":"2009-10-28T18:43:52","date_gmt":"2009-10-28T18:43:52","guid":{"rendered":"https:\/\/obscom.intervozes.org.br\/wordpress\/?p=23473"},"modified":"2009-10-28T18:43:52","modified_gmt":"2009-10-28T18:43:52","slug":"banda-larga-popular-pelas-moveis-passa-pela-isencao-do-fistel-diz-joao-cox","status":"publish","type":"post","link":"https:\/\/obscom.intervozes.org.br\/?p=23473","title":{"rendered":"Banda larga popular pelas m\u00f3veis passa pela isen\u00e7\u00e3o do Fistel, diz Jo\u00e3o Cox"},"content":{"rendered":"<p><strong>Reprpduzido do Teletime&nbsp; <\/strong><\/p>\n<p>&nbsp;<\/p>\n<p>O presidente da Claro, Jo&atilde;o Cox, disse nesta ter&ccedil;a-feira, 27, que a quest&atilde;o tribut&aacute;ria tamb&eacute;m deve ser considerada quando se fala em incentivar o uso da banda larga pelas camadas mais baixas da popula&ccedil;&atilde;o. Para que as m&oacute;veis tenham &quot;condi&ccedil;&otilde;es equ&acirc;nimes&quot; de participarem do programa de banda larga popular regulamentado em S&atilde;o Paulo &eacute; preciso que haja isen&ccedil;&atilde;o do Fistel. &quot;As fixas n&atilde;o pagam Fistel. Essa quest&atilde;o &eacute; imperativa para que as operadoras m&oacute;veis tenham as mesmas condi&ccedil;&otilde;es que as fixas&quot;, disse ele. Na verdade, as operadoras fixas pagam Fistel por cada central telef&ocirc;nica; nas m&oacute;veis o imposto incide tamb&eacute;m em cada telefone habilitado.<\/p>\n<p> S&atilde;o Paulo, Par&aacute;, Distrito Federal e Rio Grande do Sul assinaram um conv&ecirc;nio com o Confaz que isenta a cobran&ccedil;a do ICMS para o servi&ccedil;o de banda larga prestado at&eacute; R$ 30. Em S&atilde;o Paulo e no Par&aacute; a isen&ccedil;&atilde;o j&aacute; foi regulamentada. A Telef&ocirc;nica &eacute; a &uacute;nica empresa que at&eacute; o momento criou um servi&ccedil;o nos moldes do programa. Jo&atilde;o Cox lembrou tamb&eacute;m que o modem para acesso m&oacute;vel &eacute; mais caro que o da banda larga fixa.<\/p>\n<p> <strong>Rumores<\/strong><\/p>\n<p> Jo&atilde;o Cox brincou com a especula&ccedil;&atilde;o de que ele estaria sendo cotado para assumir a presid&ecirc;ncia da companhia a&eacute;rea TAM. &quot;Devo estar com a cabe&ccedil;a nas nuvens mesmo. Primeiro falam que eu vou para a Gol e agora falam que eu vou para a TAM&quot;.<\/p>\n<p><em>(Helton Posseti)<\/em> <br \/>&nbsp;<\/p>\n","protected":false},"excerpt":{"rendered":"<p>Reprpduzido do Teletime&nbsp; &nbsp; O presidente da Claro, Jo&atilde;o Cox, disse nesta ter&ccedil;a-feira, 27, que a quest&atilde;o tribut&aacute;ria tamb&eacute;m deve ser considerada quando se fala em incentivar o uso da banda larga pelas camadas mais baixas da popula&ccedil;&atilde;o. Para que as m&oacute;veis tenham &quot;condi&ccedil;&otilde;es equ&acirc;nimes&quot; de participarem do programa de banda larga popular regulamentado em &hellip; <a href=\"https:\/\/obscom.intervozes.org.br\/?p=23473\" class=\"more-link\">Continue lendo <span class=\"screen-reader-text\">Banda larga popular pelas m\u00f3veis passa pela isen\u00e7\u00e3o do Fistel, diz Jo\u00e3o Cox<\/span> <span class=\"meta-nav\">&rarr;<\/span><\/a><\/p>\n","protected":false},"author":1,"featured_media":0,"comment_status":"open","ping_status":"open","sticky":false,"template":"","format":"standard","meta":{"footnotes":""},"categories":[39],"tags":[],"_links":{"self":[{"href":"https:\/\/obscom.intervozes.org.br\/index.php?rest_route=\/wp\/v2\/posts\/23473"}],"collection":[{"href":"https:\/\/obscom.intervozes.org.br\/index.php?rest_route=\/wp\/v2\/posts"}],"about":[{"href":"https:\/\/obscom.intervozes.org.br\/index.php?rest_route=\/wp\/v2\/types\/post"}],"author":[{"embeddable":true,"href":"https:\/\/obscom.intervozes.org.br\/index.php?rest_route=\/wp\/v2\/users\/1"}],"replies":[{"embeddable":true,"href":"https:\/\/obscom.intervozes.org.br\/index.php?rest_route=%2Fwp%2Fv2%2Fcomments&post=23473"}],"version-history":[{"count":0,"href":"https:\/\/obscom.intervozes.org.br\/index.php?rest_route=\/wp\/v2\/posts\/23473\/revisions"}],"wp:attachment":[{"href":"https:\/\/obscom.intervozes.org.br\/index.php?rest_route=%2Fwp%2Fv2%2Fmedia&parent=23473"}],"wp:term":[{"taxonomy":"category","embeddable":true,"href":"https:\/\/obscom.intervozes.org.br\/index.php?rest_route=%2Fwp%2Fv2%2Fcategories&post=23473"},{"taxonomy":"post_tag","embeddable":true,"href":"https:\/\/obscom.intervozes.org.br\/index.php?rest_route=%2Fwp%2Fv2%2Ftags&post=23473"}],"curies":[{"name":"wp","href":"https:\/\/api.w.org\/{rel}","templated":true}]}}