{"id":23472,"date":"2009-10-28T18:32:43","date_gmt":"2009-10-28T18:32:43","guid":{"rendered":"https:\/\/obscom.intervozes.org.br\/wordpress\/?p=23472"},"modified":"2009-10-28T18:32:43","modified_gmt":"2009-10-28T18:32:43","slug":"ministerio-da-justica-comeca-consulta-sobre-marco-civil-da-internet","status":"publish","type":"post","link":"https:\/\/obscom.intervozes.org.br\/?p=23472","title":{"rendered":"Minist\u00e9rio da Justi\u00e7a come\u00e7a consulta sobre marco civil da internet"},"content":{"rendered":"<p> \t<!-- \t\t@page { margin: 2cm } \t\tP { margin-bottom: 0.21cm } \t\tA:link { so-language: zxx } \t--> \t     <\/p>\n<p style=\"margin-bottom: 0cm\" class=\"padrao\">A partir desta quinta-feira (29) a sociedade civil ter&aacute; um espa&ccedil;o de di&aacute;logo direto com o governo Federal para discutir a regulamenta&ccedil;&atilde;o da internet no pa&iacute;s. O Minist&eacute;rio da Justi&ccedil;a vai lan&ccedil;ar uma consulta p&uacute;blica a fim de colher contribui&ccedil;&otilde;es para constru&ccedil;&atilde;o de um marco civil para a web. O evento de lan&ccedil;amento da a&ccedil;&atilde;o vai acontecer &agrave;s 15h, na sede da Funda&ccedil;&atilde;o Get&uacute;lio Vargas, no Rio de Janeiro. A inscri&ccedil;&atilde;o pode ser feita <a href=\"http:\/\/direitorio.fgv.br\/marco-regulatorio\" target=\"_blank\">neste endere&ccedil;o<\/a> .<\/p>\n<p>Durante 45 dias, um texto de refer&ecirc;ncia feito pelo Minist&eacute;rio servir&aacute; para fomentar os debates, que ser&atilde;o feitos prioritariamente por meio do <a href=\"http:\/\/culturadigital.br\" target=\"_blank\">F&oacute;rum de Cultura Digital<\/a>, de um <a href=\"http:\/\/www.culturadigital.br\/marcocivil\" target=\"_blank\">blog<\/a>    e de um <a href=\"http:\/\/www.twitter.com\/marcocivil\" target=\"_blank\">twitter<\/a>. Ap&oacute;s esse processo, o governo vai elaborar uma proposta de lei, que tamb&eacute;m ficar&aacute; para an&aacute;lise por mais um tempo virtualmente. A inten&ccedil;&atilde;o &eacute; que seja enviado um projeto de lei &agrave; C&acirc;mara Federal at&eacute; mar&ccedil;o do ano que vem. <\/p>\n<p>O assessor da Secretaria de Assuntos Legislativos e respons&aacute;vel pela consulta, Guilherme Almeida,   explica que a proposta tem o objetivo de regulamentar os direitos dos que usam a internet. Segundo ele, tanto o direito dos indiv&iacute;duos quanto o dos mediadores, como os provedores de acesso, n&atilde;o est&atilde;o claros atualmente.<\/p>\n<p>O Minist&eacute;rio vai dividir a consulta em tr&ecirc;s eixos. O primeiro deles diz respeito aos direitos individuais. Entram nesse t&oacute;pico temas como a liberdade de express&atilde;o, direito de acesso e privacidade. O segundo relaciona os assuntos ligados &agrave;s responsabilidades dos intermedi&aacute;rios, como a neutralidade, e o &uacute;ltimo buscar&aacute; agrupar as colabora&ccedil;&otilde;es referentes &agrave;s diretrizes para a a&ccedil;&atilde;o governamental na &aacute;rea.<\/p>\n<p>Um dos temas que deve gerar pol&ecirc;mica diz respeito &agrave; privacidade do usu&aacute;rio na rede. N&atilde;o s&atilde;o poucas as press&otilde;es para que se facilite o rastreamento dos cidad&atilde;os a fim de se coibir pr&aacute;ticas criminosas na internet. &ldquo;Antes de qualquer medida de vigil&acirc;ncia precisamos afirmar os direitos&rdquo;, opina o representante do Minist&eacute;rio da Justi&ccedil;a.<\/p>\n<p>Al&eacute;m da consulta virtual, o Minist&eacute;rio tamb&eacute;m pretende aproveitar alguns eventos presenciais para acumular contribui&ccedil;&otilde;es para a formula&ccedil;&atilde;o do marco civil. As confer&ecirc;ncias de Comunica&ccedil;&atilde;o, Cultura e de Ci&ecirc;ncia e Tecnologia s&atilde;o alguns dos espa&ccedil;os priorit&aacute;rios citados por Almeida.<\/p>\n","protected":false},"excerpt":{"rendered":"<p>Consulta ficar&aacute; 45 dias em blog e vai ajudar na constru&ccedil;&atilde;o de projeto sobre direitos dos usu&aacute;rios da web; debates presenciais tamb&eacute;m v&atilde;o acontecer<\/p>\n","protected":false},"author":1,"featured_media":0,"comment_status":"open","ping_status":"open","sticky":false,"template":"","format":"standard","meta":{"footnotes":""},"categories":[40],"tags":[832],"_links":{"self":[{"href":"https:\/\/obscom.intervozes.org.br\/index.php?rest_route=\/wp\/v2\/posts\/23472"}],"collection":[{"href":"https:\/\/obscom.intervozes.org.br\/index.php?rest_route=\/wp\/v2\/posts"}],"about":[{"href":"https:\/\/obscom.intervozes.org.br\/index.php?rest_route=\/wp\/v2\/types\/post"}],"author":[{"embeddable":true,"href":"https:\/\/obscom.intervozes.org.br\/index.php?rest_route=\/wp\/v2\/users\/1"}],"replies":[{"embeddable":true,"href":"https:\/\/obscom.intervozes.org.br\/index.php?rest_route=%2Fwp%2Fv2%2Fcomments&post=23472"}],"version-history":[{"count":0,"href":"https:\/\/obscom.intervozes.org.br\/index.php?rest_route=\/wp\/v2\/posts\/23472\/revisions"}],"wp:attachment":[{"href":"https:\/\/obscom.intervozes.org.br\/index.php?rest_route=%2Fwp%2Fv2%2Fmedia&parent=23472"}],"wp:term":[{"taxonomy":"category","embeddable":true,"href":"https:\/\/obscom.intervozes.org.br\/index.php?rest_route=%2Fwp%2Fv2%2Fcategories&post=23472"},{"taxonomy":"post_tag","embeddable":true,"href":"https:\/\/obscom.intervozes.org.br\/index.php?rest_route=%2Fwp%2Fv2%2Ftags&post=23472"}],"curies":[{"name":"wp","href":"https:\/\/api.w.org\/{rel}","templated":true}]}}