{"id":23466,"date":"2009-10-26T17:40:47","date_gmt":"2009-10-26T17:40:47","guid":{"rendered":"https:\/\/obscom.intervozes.org.br\/wordpress\/?p=23466"},"modified":"2009-10-26T17:40:47","modified_gmt":"2009-10-26T17:40:47","slug":"ministerio-das-comunicacoes-analisa-contribuicoes-ao-edital","status":"publish","type":"post","link":"https:\/\/obscom.intervozes.org.br\/?p=23466","title":{"rendered":"Minist\u00e9rio das Comunica\u00e7\u00f5es analisa contribui\u00e7\u00f5es ao edital"},"content":{"rendered":"<p style=\"margin-bottom: 0cm\" class=\"padrao\"> \t<!-- \t\t@page { margin: 2cm } \t\tP { margin-bottom: 0.21cm } \t--><em>[T&iacute;tulo original: \t \t \tEdital de Cidades Digitais: contribui&ccedil;&otilde;es est&atilde;o sendo analisadas]<\/em><\/p>\n<p>O Termo de Refer&ecirc;ncia do edital de Cidades Digitais ficar&aacute; pronto at&eacute; final de outubro, adiando em algumas semanas a previs&atilde;o feita pelo coordenador do projeto no Minist&eacute;rio das Comunica&ccedil;&otilde;es (Minicom), Carlos Paiva, que havia manifestado, no in&iacute;cio deste m&ecirc;s, a inten&ccedil;&atilde;o de estar com o texto pronto em 15 de outubro. A informa&ccedil;&atilde;o foi passada ao Guia das Cidades Digitais pelo pr&oacute;prio representante do Minicom, por meio da assessoria de imprensa do &oacute;rg&atilde;o.<\/p>\n<p>No &uacute;ltimo dia 13, acabou o prazo para empresas fazerem contribui&ccedil;&otilde;es ao texto do edital (dispon&iacute;vel em www.mc.gov.br, se&ccedil;&atilde;o Inclus&atilde;o Digital, subse&ccedil;&atilde;o Cidade Digital). Printscom, FTD, Embratel, Cisco, Motorola, WxBR e a Associa&ccedil;&atilde;o Brasileira de Concession&aacute;rias de Servi&ccedil;o Telef&ocirc;nico Fixo Comutado (Abrafix) apresentaram contribui&ccedil;&otilde;es ao texto, n&uacute;mero menor do que as 17 empresas que haviam participado da audi&ecirc;ncia p&uacute;blica realizada para discutir o edital, em 30 de setembro, no Minicom.<\/p>\n<p>As contribui&ccedil;&otilde;es da iniciativa privada s&atilde;o d&iacute;spares. Enquanto algumas empresas pedem a defini&ccedil;&atilde;o expl&iacute;cita, em edital, da tecnologia de transmiss&atilde;o de sinal a ser adotada, a maioria pede que os servi&ccedil;os sejam os pontos especificados, deixando que o fornecedor decida qual tecnologia ser&aacute; usada para prov&ecirc;-los. O texto do edital, da forma como foi submetido para contribui&ccedil;&otilde;es das empresas, fixa a tecnologia Wi-Fi como aquela a ser usada pela empresa vencedora. <\/p>\n<p>Um pedido comum entre as diferentes contribui&ccedil;&otilde;es &eacute; o maior detalhamento dos itens do edital, como especifica&ccedil;&otilde;es da robustez esperada dos equipamentos, servi&ccedil;os que as redes municipais devem comportar, qualidade esperada do servi&ccedil;o etc. Aspectos de seguran&ccedil;a de rede e f&iacute;sica tamb&eacute;m s&atilde;o objeto das contribui&ccedil;&otilde;es da iniciativa privada.<\/p>\n<p>A Associa&ccedil;&atilde;o Brasileira de Concession&aacute;rias de Servi&ccedil;o Telef&ocirc;nico Fixo Comutado (Abrafix), que representa as grandes empresas da telefonia fixa, solicitou mais 30 dias de consultas &agrave; sociedade. A entidade tamb&eacute;m sublinhou que o edital &quot;n&atilde;o est&aacute; sincronizado&quot; com os compromissos de disponibiliza&ccedil;&atilde;o de backhaul (assumidos pelas concession&aacute;rias de telefonia fixa com o governo, no ano passado) e &quot;n&atilde;o assegura a conex&atilde;o do munic&iacute;pio &agrave; internet&quot;, pois o modelo contemplaria somente a rede dentro do munic&iacute;pio, sem garantir &quot;a conex&atilde;o desta rede a um backhaul com conectividade para a internet&quot;. <\/p>\n<p>A entidade &#8211; que representa Oi, Telefonica, Sercomtel, CTBC e Brasil Telecom &#8211; pede que o edital seja extremamente detalhado e defina: os munic&iacute;pios a serem atendidos, os pontos de presen&ccedil;a nos &oacute;rg&atilde;os p&uacute;blicos em cada munic&iacute;pios, os hotspots, o n&uacute;mero m&aacute;ximo de pontos de presen&ccedil;a privados e a velocidade e o padr&atilde;o de qualidade das conex&otilde;es dos pontos.<\/p>\n<p>Carlos Paiva informou, por meio da assessoria de imprensa do Minicom, que o governo federal vai &quot;responder a todas&quot; as contribui&ccedil;&otilde;es apresentadas. Elas podem ser encontradas clicando aqui.<\/p>\n","protected":false},"excerpt":{"rendered":"<p>[T&iacute;tulo original: Edital de Cidades Digitais: contribui&ccedil;&otilde;es est&atilde;o sendo analisadas] O Termo de Refer&ecirc;ncia do edital de Cidades Digitais ficar&aacute; pronto at&eacute; final de outubro, adiando em algumas semanas a previs&atilde;o feita pelo coordenador do projeto no Minist&eacute;rio das Comunica&ccedil;&otilde;es (Minicom), Carlos Paiva, que havia manifestado, no in&iacute;cio deste m&ecirc;s, a inten&ccedil;&atilde;o de estar com &hellip; <a href=\"https:\/\/obscom.intervozes.org.br\/?p=23466\" class=\"more-link\">Continue lendo <span class=\"screen-reader-text\">Minist\u00e9rio das Comunica\u00e7\u00f5es analisa contribui\u00e7\u00f5es ao edital<\/span> <span class=\"meta-nav\">&rarr;<\/span><\/a><\/p>\n","protected":false},"author":1,"featured_media":0,"comment_status":"open","ping_status":"open","sticky":false,"template":"","format":"standard","meta":{"footnotes":""},"categories":[40],"tags":[423],"_links":{"self":[{"href":"https:\/\/obscom.intervozes.org.br\/index.php?rest_route=\/wp\/v2\/posts\/23466"}],"collection":[{"href":"https:\/\/obscom.intervozes.org.br\/index.php?rest_route=\/wp\/v2\/posts"}],"about":[{"href":"https:\/\/obscom.intervozes.org.br\/index.php?rest_route=\/wp\/v2\/types\/post"}],"author":[{"embeddable":true,"href":"https:\/\/obscom.intervozes.org.br\/index.php?rest_route=\/wp\/v2\/users\/1"}],"replies":[{"embeddable":true,"href":"https:\/\/obscom.intervozes.org.br\/index.php?rest_route=%2Fwp%2Fv2%2Fcomments&post=23466"}],"version-history":[{"count":0,"href":"https:\/\/obscom.intervozes.org.br\/index.php?rest_route=\/wp\/v2\/posts\/23466\/revisions"}],"wp:attachment":[{"href":"https:\/\/obscom.intervozes.org.br\/index.php?rest_route=%2Fwp%2Fv2%2Fmedia&parent=23466"}],"wp:term":[{"taxonomy":"category","embeddable":true,"href":"https:\/\/obscom.intervozes.org.br\/index.php?rest_route=%2Fwp%2Fv2%2Fcategories&post=23466"},{"taxonomy":"post_tag","embeddable":true,"href":"https:\/\/obscom.intervozes.org.br\/index.php?rest_route=%2Fwp%2Fv2%2Ftags&post=23466"}],"curies":[{"name":"wp","href":"https:\/\/api.w.org\/{rel}","templated":true}]}}