{"id":23457,"date":"2009-10-22T17:41:24","date_gmt":"2009-10-22T17:41:24","guid":{"rendered":"https:\/\/obscom.intervozes.org.br\/wordpress\/?p=23457"},"modified":"2009-10-22T17:41:24","modified_gmt":"2009-10-22T17:41:24","slug":"cct-vai-debater-restricoes-a-propriedade-de-sites-e-portais-de-noticias","status":"publish","type":"post","link":"https:\/\/obscom.intervozes.org.br\/?p=23457","title":{"rendered":"CCT vai debater restri\u00e7\u00f5es \u00e0 propriedade de sites e portais de not\u00edcias"},"content":{"rendered":"<p>   \t \t \t \t \t<!-- \t\t@page { margin: 2cm } \t\tP { margin-bottom: 0.21cm } \t--> \t  <\/p>\n<p style=\"margin-bottom: 0cm\" class=\"padrao\">A Comiss&atilde;o de Ci&ecirc;ncia e Tecnologia da C&acirc;mara aprovou hoje a realiza&ccedil;&atilde;o de uma audi&ecirc;ncia p&uacute;blica para debater a pertin&ecirc;ncia ou n&atilde;o de aplicar aos sites e portais de internet, que veiculam conte&uacute;dos noticiosos, as mesmas restri&ccedil;&otilde;es relativas ao capital estrangeiro, previstas no artigo 222 da Constitui&ccedil;&atilde;o para as empresas jornal&iacute;sticas e de radiodifus&atilde;o. A proposta pol&ecirc;mica &eacute; do presidente da comiss&atilde;o, deputado Eduardo Gomes (PSDB-TO), subscrita pelo deputado Gustavo Fruet (PSDB-PR).<\/p>\n<p>Gomes justifica o debate em raz&atilde;o da prolifera&ccedil;&atilde;o n&uacute;mero de s&iacute;tios e portais que veiculam conte&uacute;dos noticiosos. &ldquo;Embora tenhamos consci&ecirc;ncia de que a internet &eacute; apenas uma estrada, por meio da qual se encaminham as informa&ccedil;&otilde;es, a grande penetra&ccedil;&atilde;o da rede vem suscitando calorosos debates na sociedade sobre a necessidade de se estabelecer algum tipo de controle sobre ela&rdquo;, argumenta o deputado.<\/p>\n<p>As tentativas de controle da internet t&ecirc;m enfrentado forte rea&ccedil;&atilde;o de v&aacute;rios setores da sociedade, inclusive no pr&oacute;prio Congresso Nacional, que n&atilde;o consegue aprovar uma proposta de criminaliza&ccedil;&atilde;o do mau uso da rede. Outro ponto de grande pol&ecirc;mica na Casa &eacute; a inclus&atilde;o da internet entre os ve&iacute;culos de distribui&ccedil;&atilde;o de conte&uacute;do pago a serem regulamentados pelo PL 29\/07.<\/p>\n<p>A audi&ecirc;ncia p&uacute;blica ainda n&atilde;o tem data marcada, mas promete muita discuss&atilde;o. Ser&atilde;o convidados para o debate representantes do Poder Executivo e do Poder Judici&aacute;rio, bem como de entidades representativas dos provedores de internet, das empresas de telecomunica&ccedil;&otilde;es e das empresas jornal&iacute;sticas e de radiodifus&atilde;o.<\/p>\n","protected":false},"excerpt":{"rendered":"<p>A Comiss&atilde;o de Ci&ecirc;ncia e Tecnologia da C&acirc;mara aprovou hoje a realiza&ccedil;&atilde;o de uma audi&ecirc;ncia p&uacute;blica para debater a pertin&ecirc;ncia ou n&atilde;o de aplicar aos sites e portais de internet, que veiculam conte&uacute;dos noticiosos, as mesmas restri&ccedil;&otilde;es relativas ao capital estrangeiro, previstas no artigo 222 da Constitui&ccedil;&atilde;o para as empresas jornal&iacute;sticas e de radiodifus&atilde;o. A &hellip; <a href=\"https:\/\/obscom.intervozes.org.br\/?p=23457\" class=\"more-link\">Continue lendo <span class=\"screen-reader-text\">CCT vai debater restri\u00e7\u00f5es \u00e0 propriedade de sites e portais de not\u00edcias<\/span> <span class=\"meta-nav\">&rarr;<\/span><\/a><\/p>\n","protected":false},"author":1,"featured_media":0,"comment_status":"open","ping_status":"open","sticky":false,"template":"","format":"standard","meta":{"footnotes":""},"categories":[40],"tags":[1133],"_links":{"self":[{"href":"https:\/\/obscom.intervozes.org.br\/index.php?rest_route=\/wp\/v2\/posts\/23457"}],"collection":[{"href":"https:\/\/obscom.intervozes.org.br\/index.php?rest_route=\/wp\/v2\/posts"}],"about":[{"href":"https:\/\/obscom.intervozes.org.br\/index.php?rest_route=\/wp\/v2\/types\/post"}],"author":[{"embeddable":true,"href":"https:\/\/obscom.intervozes.org.br\/index.php?rest_route=\/wp\/v2\/users\/1"}],"replies":[{"embeddable":true,"href":"https:\/\/obscom.intervozes.org.br\/index.php?rest_route=%2Fwp%2Fv2%2Fcomments&post=23457"}],"version-history":[{"count":0,"href":"https:\/\/obscom.intervozes.org.br\/index.php?rest_route=\/wp\/v2\/posts\/23457\/revisions"}],"wp:attachment":[{"href":"https:\/\/obscom.intervozes.org.br\/index.php?rest_route=%2Fwp%2Fv2%2Fmedia&parent=23457"}],"wp:term":[{"taxonomy":"category","embeddable":true,"href":"https:\/\/obscom.intervozes.org.br\/index.php?rest_route=%2Fwp%2Fv2%2Fcategories&post=23457"},{"taxonomy":"post_tag","embeddable":true,"href":"https:\/\/obscom.intervozes.org.br\/index.php?rest_route=%2Fwp%2Fv2%2Ftags&post=23457"}],"curies":[{"name":"wp","href":"https:\/\/api.w.org\/{rel}","templated":true}]}}