{"id":23450,"date":"2009-10-22T17:05:31","date_gmt":"2009-10-22T17:05:31","guid":{"rendered":"https:\/\/obscom.intervozes.org.br\/wordpress\/?p=23450"},"modified":"2009-10-22T17:05:31","modified_gmt":"2009-10-22T17:05:31","slug":"comissoes-estaduais-e-nacional-pro-conferencia-de-comunicacao-realizam-plenaria-em-brasilia","status":"publish","type":"post","link":"https:\/\/obscom.intervozes.org.br\/?p=23450","title":{"rendered":"Comiss\u00f5es Estaduais e Nacional Pr\u00f3 Confer\u00eancia de Comunica\u00e7\u00e3o realizam plen\u00e1ria em Bras\u00edlia"},"content":{"rendered":"<p> \t \t \t \t<!-- \t\t@page { margin: 2cm } \t\tP { margin-bottom: 0.21c<strong>Reproduzido do site da Comiss&atilde;o Nacional Pr&oacute;-Confer&ecirc;ncia<\/strong>\n\nAcontece nos dias 23 e 24 de outubro - pr&oacute;ximas sexta e s&aacute;bado -, no audit&oacute;rio do Hotel Nacional em Bras&iacute;lia a Plen&aacute;ria das Comiss&otilde;es Estaduais e Nacional Pr&oacute; Confer&ecirc;ncia de Comunica&ccedil;&atilde;o.<br \/>\n\n<p style=\"margin-bottom: 0cm\" class=\"padrao\">A atividade reunir&aacute; representantes das Comiss&otilde;es Pr&oacute; Confer&ecirc;ncia de todos os estados do Brasil al&eacute;m de entidades da CNPC (Comiss&atilde;o Nacional Pr&oacute; Confer&ecirc;ncia), para discutir propostas que dever&atilde;o ser levadas para as confer&ecirc;ncias estaduais e nacional de Comunica&ccedil;&atilde;o.\n\nAs confer&ecirc;ncias estaduais come&ccedil;am a acontecer na pr&oacute;xima semana, a partir do dia 29 de outubro e ser&atilde;o realizadas at&eacute; o prazo limite do dia 22 de novembro.&nbsp; J&aacute; a nacional acontece de 14 a 17 de novembro em Bras&iacute;lia.\n\nEntre os objetivos da plen&aacute;ria est&atilde;o mapear as propostas do conjunto do movimento social, buscando os consensos poss&iacute;veis para um programa unificado, bem como a troca de informa&ccedil;&otilde;es entre os estados e esclarecimento de d&uacute;vidas acerca do regimento interno e das resolu&ccedil;&otilde;es que norteiam a Confer&ecirc;ncia. <em>(Cec&iacute;lia Bizerra)<\/em><\/p>\n\n \n<\/p>\n","protected":false},"excerpt":{"rendered":"","protected":false},"author":1,"featured_media":0,"comment_status":"open","ping_status":"open","sticky":false,"template":"","format":"standard","meta":{"footnotes":""},"categories":[39],"tags":[],"_links":{"self":[{"href":"https:\/\/obscom.intervozes.org.br\/index.php?rest_route=\/wp\/v2\/posts\/23450"}],"collection":[{"href":"https:\/\/obscom.intervozes.org.br\/index.php?rest_route=\/wp\/v2\/posts"}],"about":[{"href":"https:\/\/obscom.intervozes.org.br\/index.php?rest_route=\/wp\/v2\/types\/post"}],"author":[{"embeddable":true,"href":"https:\/\/obscom.intervozes.org.br\/index.php?rest_route=\/wp\/v2\/users\/1"}],"replies":[{"embeddable":true,"href":"https:\/\/obscom.intervozes.org.br\/index.php?rest_route=%2Fwp%2Fv2%2Fcomments&post=23450"}],"version-history":[{"count":0,"href":"https:\/\/obscom.intervozes.org.br\/index.php?rest_route=\/wp\/v2\/posts\/23450\/revisions"}],"wp:attachment":[{"href":"https:\/\/obscom.intervozes.org.br\/index.php?rest_route=%2Fwp%2Fv2%2Fmedia&parent=23450"}],"wp:term":[{"taxonomy":"category","embeddable":true,"href":"https:\/\/obscom.intervozes.org.br\/index.php?rest_route=%2Fwp%2Fv2%2Fcategories&post=23450"},{"taxonomy":"post_tag","embeddable":true,"href":"https:\/\/obscom.intervozes.org.br\/index.php?rest_route=%2Fwp%2Fv2%2Ftags&post=23450"}],"curies":[{"name":"wp","href":"https:\/\/api.w.org\/{rel}","templated":true}]}}