{"id":23427,"date":"2009-10-14T14:45:10","date_gmt":"2009-10-14T14:45:10","guid":{"rendered":"https:\/\/obscom.intervozes.org.br\/wordpress\/?p=23427"},"modified":"2009-10-14T14:45:10","modified_gmt":"2009-10-14T14:45:10","slug":"empresarios-reunem-se-com-governo-para-reclamar-de-conferencias-estaduais","status":"publish","type":"post","link":"https:\/\/obscom.intervozes.org.br\/?p=23427","title":{"rendered":"Empres\u00e1rios re\u00fanem-se com governo para reclamar de confer\u00eancias estaduais"},"content":{"rendered":"<p><strong>Reproduzido do Tele.S&iacute;ntese<\/strong><\/p>\n<p><em>[T&igrave;tulo original: Confecom: empres&aacute;rios procuram governo federal para resolver impasse dos estados]<\/em><\/p>\n<p>Os empres&aacute;rios de telecomunica&ccedil;&otilde;es reunidos na Telebrasil e de radiodifus&atilde;o, pela Abra, v&atilde;o entregar hoje um documento ao governo federal informando que n&atilde;o est&atilde;o conseguindo participar das confer&ecirc;ncias estaduais.<\/p>\n<p>Ontem o representante da Abra reuniu-se com os ministros da secretaria de Comunica&ccedil;&atilde;o Social, Franklin Martins, e Luiz Dulci, secret&aacute;rio-geral da Presid&ecirc;ncia da REp&uacute;blica para apresentar as preocupa&ccedil;&otilde;es dos empres&aacute;rios. Os representantes da Telebrasil e da Abrafix n&atilde;o puderam estar presentes na reuni&atilde;o porque, convocados de &uacute;ltima hora, deslocavam-se para o Futurecom, em S&atilde;o Paulo.<\/p>\n<p>Os empres&aacute;rios alegam que n&atilde;o est&atilde;o conseguindo credenciar seus delegados nas conven&ccedil;&otilde;es estaduais. Isso j&aacute; ocorreu em quatro conven&ccedil;&otilde;es, entre elas a de S&atilde;o Paulo e Pernambuco. &quot;Est&atilde;o indicado empres&aacute;rios de movimentos sociais&quot;, ironiza executivo do setor.<\/p>\n<p>H&aacute; hoje duas posi&ccedil;&otilde;es entre o empresariado: a de sair da Confecom e a que espera uma decis&atilde;o do Governo Federal sobre esta quest&atilde;o. <em>(Miriam Aquino)<\/em><\/p>\n","protected":false},"excerpt":{"rendered":"<p>Reproduzido do Tele.S&iacute;ntese [T&igrave;tulo original: Confecom: empres&aacute;rios procuram governo federal para resolver impasse dos estados] Os empres&aacute;rios de telecomunica&ccedil;&otilde;es reunidos na Telebrasil e de radiodifus&atilde;o, pela Abra, v&atilde;o entregar hoje um documento ao governo federal informando que n&atilde;o est&atilde;o conseguindo participar das confer&ecirc;ncias estaduais. Ontem o representante da Abra reuniu-se com os ministros da secretaria &hellip; <a href=\"https:\/\/obscom.intervozes.org.br\/?p=23427\" class=\"more-link\">Continue lendo <span class=\"screen-reader-text\">Empres\u00e1rios re\u00fanem-se com governo para reclamar de confer\u00eancias estaduais<\/span> <span class=\"meta-nav\">&rarr;<\/span><\/a><\/p>\n","protected":false},"author":1,"featured_media":0,"comment_status":"open","ping_status":"open","sticky":false,"template":"","format":"standard","meta":{"footnotes":""},"categories":[39],"tags":[],"_links":{"self":[{"href":"https:\/\/obscom.intervozes.org.br\/index.php?rest_route=\/wp\/v2\/posts\/23427"}],"collection":[{"href":"https:\/\/obscom.intervozes.org.br\/index.php?rest_route=\/wp\/v2\/posts"}],"about":[{"href":"https:\/\/obscom.intervozes.org.br\/index.php?rest_route=\/wp\/v2\/types\/post"}],"author":[{"embeddable":true,"href":"https:\/\/obscom.intervozes.org.br\/index.php?rest_route=\/wp\/v2\/users\/1"}],"replies":[{"embeddable":true,"href":"https:\/\/obscom.intervozes.org.br\/index.php?rest_route=%2Fwp%2Fv2%2Fcomments&post=23427"}],"version-history":[{"count":0,"href":"https:\/\/obscom.intervozes.org.br\/index.php?rest_route=\/wp\/v2\/posts\/23427\/revisions"}],"wp:attachment":[{"href":"https:\/\/obscom.intervozes.org.br\/index.php?rest_route=%2Fwp%2Fv2%2Fmedia&parent=23427"}],"wp:term":[{"taxonomy":"category","embeddable":true,"href":"https:\/\/obscom.intervozes.org.br\/index.php?rest_route=%2Fwp%2Fv2%2Fcategories&post=23427"},{"taxonomy":"post_tag","embeddable":true,"href":"https:\/\/obscom.intervozes.org.br\/index.php?rest_route=%2Fwp%2Fv2%2Ftags&post=23427"}],"curies":[{"name":"wp","href":"https:\/\/api.w.org\/{rel}","templated":true}]}}