{"id":23423,"date":"2009-10-13T17:01:31","date_gmt":"2009-10-13T17:01:31","guid":{"rendered":"https:\/\/obscom.intervozes.org.br\/wordpress\/?p=23423"},"modified":"2009-10-13T17:01:31","modified_gmt":"2009-10-13T17:01:31","slug":"senado-aprova-conexao-a-internet-por-interurbano-a-preco-de-chamada-local","status":"publish","type":"post","link":"https:\/\/obscom.intervozes.org.br\/?p=23423","title":{"rendered":"Senado aprova conex\u00e3o \u00e0 internet por interurbano a pre\u00e7o de chamada local"},"content":{"rendered":"<p><span class=\"padrao\">As liga&ccedil;&otilde;es telef&ocirc;nicas interurbanas para acesso &agrave; internet em munic&iacute;pios onde n&atilde;o h&aacute; provedor ter&atilde;o pre&ccedil;o de chamada local. &Eacute; o que determina projeto do Senado, aprovado em car&aacute;ter terminativo na Comiss&atilde;o de Infraestrutura. O projeto (PLS 317\/05) exige a aplica&ccedil;&atilde;o da menor tarifa cobrada pelas prestadoras de servi&ccedil;os de telecomunica&ccedil;&otilde;es para liga&ccedil;&otilde;es locais, quando as chamadas forem efetuadas a partir de terminais fixos e se destinarem a provedores de acesso &agrave; rede mundial de computadores.<\/p>\n<p>O projeto deixa claro que o valor pago seja estipulado com base em todos os planos de servi&ccedil;os, b&aacute;sicos ou alternativos, independentemente das condi&ccedil;&otilde;es e requisitos de participa&ccedil;&atilde;o ou das regras do plano e levando em conta ainda quaisquer descontos oferecidos pela operadora. Ainda segundo o projeto, nos munic&iacute;pios que n&atilde;o t&ecirc;m provedores de acesso &agrave; internet, as prestadoras de servi&ccedil;os de telecomunica&ccedil;&otilde;es dever&atilde;o garantir &agrave;s liga&ccedil;&otilde;es para os provedores a mesma qualidade das demais liga&ccedil;&otilde;es interurbanas.<\/p>\n<p>Quem infringir essas normas poder&aacute; ser punido com pena de deten&ccedil;&atilde;o, de um a quatro anos, ou multa, al&eacute;m de san&ccedil;&otilde;es civis e administrativas aplic&aacute;veis. O objetivo da proposta, segundo seu autor, senador Romero Juc&aacute; (PMDB-RR) &eacute; viabilizar a inclus&atilde;o digital nas pequenas localidades. A mat&eacute;ria ser&aacute; ainda apreciada na C&acirc;mara.<\/span><\/p>\n","protected":false},"excerpt":{"rendered":"<p>As liga&ccedil;&otilde;es telef&ocirc;nicas interurbanas para acesso &agrave; internet em munic&iacute;pios onde n&atilde;o h&aacute; provedor ter&atilde;o pre&ccedil;o de chamada local. &Eacute; o que determina projeto do Senado, aprovado em car&aacute;ter terminativo na Comiss&atilde;o de Infraestrutura. O projeto (PLS 317\/05) exige a aplica&ccedil;&atilde;o da menor tarifa cobrada pelas prestadoras de servi&ccedil;os de telecomunica&ccedil;&otilde;es para liga&ccedil;&otilde;es locais, quando &hellip; <a href=\"https:\/\/obscom.intervozes.org.br\/?p=23423\" class=\"more-link\">Continue lendo <span class=\"screen-reader-text\">Senado aprova conex\u00e3o \u00e0 internet por interurbano a pre\u00e7o de chamada local<\/span> <span class=\"meta-nav\">&rarr;<\/span><\/a><\/p>\n","protected":false},"author":1,"featured_media":0,"comment_status":"open","ping_status":"open","sticky":false,"template":"","format":"standard","meta":{"footnotes":""},"categories":[40],"tags":[888],"_links":{"self":[{"href":"https:\/\/obscom.intervozes.org.br\/index.php?rest_route=\/wp\/v2\/posts\/23423"}],"collection":[{"href":"https:\/\/obscom.intervozes.org.br\/index.php?rest_route=\/wp\/v2\/posts"}],"about":[{"href":"https:\/\/obscom.intervozes.org.br\/index.php?rest_route=\/wp\/v2\/types\/post"}],"author":[{"embeddable":true,"href":"https:\/\/obscom.intervozes.org.br\/index.php?rest_route=\/wp\/v2\/users\/1"}],"replies":[{"embeddable":true,"href":"https:\/\/obscom.intervozes.org.br\/index.php?rest_route=%2Fwp%2Fv2%2Fcomments&post=23423"}],"version-history":[{"count":0,"href":"https:\/\/obscom.intervozes.org.br\/index.php?rest_route=\/wp\/v2\/posts\/23423\/revisions"}],"wp:attachment":[{"href":"https:\/\/obscom.intervozes.org.br\/index.php?rest_route=%2Fwp%2Fv2%2Fmedia&parent=23423"}],"wp:term":[{"taxonomy":"category","embeddable":true,"href":"https:\/\/obscom.intervozes.org.br\/index.php?rest_route=%2Fwp%2Fv2%2Fcategories&post=23423"},{"taxonomy":"post_tag","embeddable":true,"href":"https:\/\/obscom.intervozes.org.br\/index.php?rest_route=%2Fwp%2Fv2%2Ftags&post=23423"}],"curies":[{"name":"wp","href":"https:\/\/api.w.org\/{rel}","templated":true}]}}