{"id":23417,"date":"2009-10-08T17:57:29","date_gmt":"2009-10-08T17:57:29","guid":{"rendered":"https:\/\/obscom.intervozes.org.br\/wordpress\/?p=23417"},"modified":"2009-10-08T17:57:29","modified_gmt":"2009-10-08T17:57:29","slug":"comissao-aprova-versao-do-pl-da-publicidade-infantil-que-nao-trata-do-tema","status":"publish","type":"post","link":"https:\/\/obscom.intervozes.org.br\/?p=23417","title":{"rendered":"Comiss\u00e3o aprova vers\u00e3o do PL da publicidade infantil que n\u00e3o trata do tema"},"content":{"rendered":"<p>   \t \t \t \t \t<!-- \t\t@page { margin: 2cm } \t\tP { margin-bottom: 0.21cm } \t--> \t  <\/p>\n<p style=\"margin-bottom: 0cm\" class=\"padrao\">A Comiss&atilde;o de Desenvolvimento Econ&ocirc;mico, Ind&uacute;stria e Com&eacute;rcio (CDEIC) transformou o projeto de lei que previa a proibi&ccedil;&atilde;o da publicidade infantil em uma regulamenta&ccedil;&atilde;o sobre a publicidade considerada abusiva. Na sess&atilde;o de hoje (18), os deputados da CDEIC aprovaram o substitutivo do deputado Os&oacute;rio Adriano (DEM-DF), para quem &ldquo;a proposi&ccedil;&atilde;o original, ao tentar estabelecer limites para a m&aacute; publicidade voltada ao p&uacute;blico infantil, acabou por se revelar rem&eacute;dio excessivamente radical, capaz de matar o paciente&rdquo;.<\/p>\n<p>O Projeto de Lei 5921\/01, de autoria do deputado Luiz Carlos Hauly (PSDB-PR), proibia a veicula&ccedil;&atilde;o de publicidade dirigida a crian&ccedil;as. Na Comiss&atilde;o de Defesa do Consumidor, o projeto ganhou nova reda&ccedil;&atilde;o, ampliando a caracteriza&ccedil;&atilde;o do que seria a publicidade infantil, vetando inclusive a participa&ccedil;&atilde;o de crian&ccedil;as em v&iacute;deos publicit&aacute;rios.<\/p>\n<p>A vers&atilde;o que sai agora da CDEIC simplesmente abandona a id&eacute;ia de controlar a publicidade dirigida &agrave;s crian&ccedil;as. A proposta do deputado Os&oacute;rio inclui um par&aacute;grafo no C&oacute;digo de Defesa do Consumidor (Lei 8.078\/90) considerando abusiva, dentre outras, a publicidade discriminat&oacute;ria de qualquer natureza, que incite &agrave; viol&ecirc;ncia, explore o medo ou a supersti&ccedil;&atilde;o, desrespeite valores ambientais, que estimule o consumo excessivo ou que seja capaz de induzir o consumidor a se comportar de forma prejudicial ou perigosa &agrave; sua sa&uacute;de ou seguran&ccedil;a. A men&ccedil;&atilde;o ao p&uacute;blico infantil resume-se, agora, a dois trechos: &ldquo;aproveite-se da defici&ecirc;ncia de julgamento e experi&ecirc;ncia da crian&ccedil;a&rdquo; e &ldquo;que seja capaz de induzir a crian&ccedil;a a desrespeitar os valores &eacute;ticos e sociais da pessoa e da fam&iacute;lia&rdquo;.<\/p>\n<p>A Associa&ccedil;&atilde;o Brasileira de Emissoras de R&aacute;dio e TV (Abert) comemorou a guinada na tramita&ccedil;&atilde;o do projeto. &ldquo;Foi a vit&oacute;ria do bom senso e da responsabilidade&rdquo;, afirma o diretor-geral da entidade, Lu&iacute;s Roberto Antonik. <\/p>\n<p>J&aacute; o autor do PL acredita ser preciso retomar o texto original. &ldquo;H&aacute; comerciais que se transformam em verdadeira coa&ccedil;&atilde;o ou chantagem para a compra dos bens anunciados. Em alguns pa&iacute;ses &eacute; proibido que a publicidade se dirija a crian&ccedil;as. Em outros, existem restri&ccedil;&otilde;es importantes. J&aacute; no Brasil, h&aacute; um liberalismo total&rdquo;, afirmou.<\/p>\n<p>O projeto segue para an&aacute;lise nas Comiss&otilde;es de Ci&ecirc;ncia e Tecnologia, Comunica&ccedil;&atilde;o e Inform&aacute;tica e de Constitui&ccedil;&atilde;o e Justi&ccedil;a e de Cidadania. Se aprovados nas comiss&otilde;es, n&atilde;o precisar&aacute; ir a Plen&aacute;rio.<\/p>\n<p><em>Com informa&ccedil;&otilde;es da Ag&ecirc;ncia C&acirc;mara e do site da Abert.<\/em><\/p>\n","protected":false},"excerpt":{"rendered":"<p>A Comiss&atilde;o de Desenvolvimento Econ&ocirc;mico, Ind&uacute;stria e Com&eacute;rcio (CDEIC) transformou o projeto de lei que previa a proibi&ccedil;&atilde;o da publicidade infantil em uma regulamenta&ccedil;&atilde;o sobre a publicidade considerada abusiva. Na sess&atilde;o de hoje (18), os deputados da CDEIC aprovaram o substitutivo do deputado Os&oacute;rio Adriano (DEM-DF), para quem &ldquo;a proposi&ccedil;&atilde;o original, ao tentar estabelecer limites &hellip; <a href=\"https:\/\/obscom.intervozes.org.br\/?p=23417\" class=\"more-link\">Continue lendo <span class=\"screen-reader-text\">Comiss\u00e3o aprova vers\u00e3o do PL da publicidade infantil que n\u00e3o trata do tema<\/span> <span class=\"meta-nav\">&rarr;<\/span><\/a><\/p>\n","protected":false},"author":1,"featured_media":0,"comment_status":"open","ping_status":"open","sticky":false,"template":"","format":"standard","meta":{"footnotes":""},"categories":[40],"tags":[1122],"_links":{"self":[{"href":"https:\/\/obscom.intervozes.org.br\/index.php?rest_route=\/wp\/v2\/posts\/23417"}],"collection":[{"href":"https:\/\/obscom.intervozes.org.br\/index.php?rest_route=\/wp\/v2\/posts"}],"about":[{"href":"https:\/\/obscom.intervozes.org.br\/index.php?rest_route=\/wp\/v2\/types\/post"}],"author":[{"embeddable":true,"href":"https:\/\/obscom.intervozes.org.br\/index.php?rest_route=\/wp\/v2\/users\/1"}],"replies":[{"embeddable":true,"href":"https:\/\/obscom.intervozes.org.br\/index.php?rest_route=%2Fwp%2Fv2%2Fcomments&post=23417"}],"version-history":[{"count":0,"href":"https:\/\/obscom.intervozes.org.br\/index.php?rest_route=\/wp\/v2\/posts\/23417\/revisions"}],"wp:attachment":[{"href":"https:\/\/obscom.intervozes.org.br\/index.php?rest_route=%2Fwp%2Fv2%2Fmedia&parent=23417"}],"wp:term":[{"taxonomy":"category","embeddable":true,"href":"https:\/\/obscom.intervozes.org.br\/index.php?rest_route=%2Fwp%2Fv2%2Fcategories&post=23417"},{"taxonomy":"post_tag","embeddable":true,"href":"https:\/\/obscom.intervozes.org.br\/index.php?rest_route=%2Fwp%2Fv2%2Ftags&post=23417"}],"curies":[{"name":"wp","href":"https:\/\/api.w.org\/{rel}","templated":true}]}}