{"id":23414,"date":"2009-10-08T14:47:36","date_gmt":"2009-10-08T14:47:36","guid":{"rendered":"https:\/\/obscom.intervozes.org.br\/wordpress\/?p=23414"},"modified":"2009-10-08T14:47:36","modified_gmt":"2009-10-08T14:47:36","slug":"governo-adia-conferencia-nacional-de-comunicacao","status":"publish","type":"post","link":"https:\/\/obscom.intervozes.org.br\/?p=23414","title":{"rendered":"Governo adia Confer\u00eancia Nacional de Comunica\u00e7\u00e3o"},"content":{"rendered":"<p><em>Atualizada em 9 de outubro &#8211; 13h55<\/em><\/p>\n<p>A Confer&ecirc;ncia Nacional de Comunica&ccedil;&atilde;o (Confecom) foi adiada por decis&atilde;o da Presid&ecirc;ncia da Rep&uacute;blica. A etapa nacional ser&aacute; realizada entre os dias 14 e 17 de dezembro, onze dias ap&oacute;s a data prevista no decreto que convocou a confer&ecirc;ncia (1, 2 e 3 do mesmo m&ecirc;s). Segundo informa&ccedil;&otilde;es da Assessoria de Comunica&ccedil;&atilde;o do Minist&eacute;rio das Comunica&ccedil;&otilde;es, a mudan&ccedil;a ser&aacute; feita para &quot;compatibilizar a agenda do presidente Luiz In&aacute;cio Lula da Silva&quot;.<\/p>\n<p>Na quarta-feira, o consultor jur&iacute;dico do Minist&eacute;rio das Comunica&ccedil;&otilde;es, Marcelo Bechara, havia adiantado a informa&ccedil;&atilde;o do adiamento a membros da Comiss&atilde;o Organizadora Nacional (CON). Naquela oportunidade, a data sugerida era 7, 8 e 9 de dezembro. Bechara informou que a&nbsp; decis&atilde;o foi tomada em reuni&atilde;o entre o presidente Luiz In&aacute;cio Lula da Silva e os ministros respons&aacute;veis pela Confecom &ndash; H&eacute;lio Costa, das Comunica&ccedil;&otilde;es, Franklin Martins, da Secretaria de Comunica&ccedil;&atilde;o Social, e Luiz Dulci, da Secretaria Geral da Presid&ecirc;ncia.<\/p>\n<p>Ao relatar a reuni&atilde;o para os membros da CON, Bechara n&atilde;o explicou os motivos de tal mudan&ccedil;a. Disse, apenas, que o presidente estava muito otimista, contente com a Confecom e que avaliava participar do evento.<\/p>\n<p>Quando do corte nas verbas previstas para a realiza&ccedil;&atilde;o da confer&ecirc;ncia, o governo j&aacute; havia aventado a possibilidade de adiar a confer&ecirc;ncia. Depois, os impasses criados pelas representa&ccedil;&otilde;es empresariais dentro da CON  atrasaram a edi&ccedil;&atilde;o do regimento interno e as organiza&ccedil;&otilde;es e movimentos sociais envolvidos no processo chegaram a propor uma revis&atilde;o do calend&aacute;rio. A preocupa&ccedil;&atilde;o era o prazo curto para a realiza&ccedil;&atilde;o das etapas locais e das confer&ecirc;ncias estaduais, que elegem os delegados da Confecom.<\/p>\n<p>&ldquo;A mudan&ccedil;a agora n&atilde;o resolve nada, mas ajudar&aacute; se for acompanhada de uma altera&ccedil;&atilde;o tamb&eacute;m do prazo para as estaduais em mais uma semana&rdquo;, comentou Jonas Valente, representante do Intervozes &ndash; Coletivo Brasil de Comunica&ccedil;&atilde;o Social na comiss&atilde;o organizadora.<\/p>\n<p>Em nota da assessoria do minist&eacute;rio, Marcelo Bechara afirma que, como foi o presidente quem convocou, ainda em abril, a confer&ecirc;ncia, somente ele pode abrir o evento.&nbsp; &ldquo;&Eacute; desejo do presidente Lula participar da abertura da confer&ecirc;ncia de comunica&ccedil;&atilde;o, a primeira a ser realizada na hist&oacute;ria do pa&iacute;s. &Eacute; natural que ele possa adequar sua agenda para participar da abertura, que acontece no dia 14 de dezembro&rdquo;, justificou.<\/p>\n<p>O novo decreto de convoca&ccedil;&atilde;o da Confecom deve ser publicado no Di&aacute;rio Oficial da Uni&atilde;o na pr&oacute;xima semana.<\/p>\n<p><strong>Recomposi&ccedil;&atilde;o do or&ccedil;amento<\/strong><\/p>\n<p>A assessoria do Minist&eacute;rio da Comunica&ccedil;&otilde;es tamb&eacute;m informou que o presidente  sancionou o Projeto de Lei 27\/09, que recomp&otilde;e os recursos previstos no or&ccedil;amento da pasta para a realiza&ccedil;&atilde;o da confer&ecirc;ncia. Haviam sido cortados R$ 6,5 milh&otilde;es, que ser&atilde;o repostos integralmente. O total de investimentos previstos na Confecom &eacute; de R$ 8,2 milh&otilde;es.<\/span><!-- \t\t@page { margin: 2cm } \t\tP { margin-bottom: 0.21cm } \t--, como foi o presidente quem convocou a confer&ecirc;ncia, somente ele pode abrir o evento.&nbsp; &ldquo;&Eacute; desejo do presidente Lula participar da abertura da confer&ecirc;ncia de comunica&ccedil;&atilde;o, a primeira a ser realizada na hist&oacute;ria do pa&iacute;s. &Eacute; natural que ele possa adequar sua agenda para participar da abertura, que acontece no dia 14 de dezembro&rdquo;, justificou.\n<\/p>\n","protected":false},"excerpt":{"rendered":"<p><span class=\"padrao\">Etapa nacional ser&aacute; realizada entre os dias 14 e 17 de dezembro; decis&atilde;o foi tomada em reuni&atilde;o entre presidente Lula e ministros<\/span><\/p>\n","protected":false},"author":1,"featured_media":0,"comment_status":"open","ping_status":"open","sticky":false,"template":"","format":"standard","meta":{"footnotes":""},"categories":[40],"tags":[1121],"_links":{"self":[{"href":"https:\/\/obscom.intervozes.org.br\/index.php?rest_route=\/wp\/v2\/posts\/23414"}],"collection":[{"href":"https:\/\/obscom.intervozes.org.br\/index.php?rest_route=\/wp\/v2\/posts"}],"about":[{"href":"https:\/\/obscom.intervozes.org.br\/index.php?rest_route=\/wp\/v2\/types\/post"}],"author":[{"embeddable":true,"href":"https:\/\/obscom.intervozes.org.br\/index.php?rest_route=\/wp\/v2\/users\/1"}],"replies":[{"embeddable":true,"href":"https:\/\/obscom.intervozes.org.br\/index.php?rest_route=%2Fwp%2Fv2%2Fcomments&post=23414"}],"version-history":[{"count":0,"href":"https:\/\/obscom.intervozes.org.br\/index.php?rest_route=\/wp\/v2\/posts\/23414\/revisions"}],"wp:attachment":[{"href":"https:\/\/obscom.intervozes.org.br\/index.php?rest_route=%2Fwp%2Fv2%2Fmedia&parent=23414"}],"wp:term":[{"taxonomy":"category","embeddable":true,"href":"https:\/\/obscom.intervozes.org.br\/index.php?rest_route=%2Fwp%2Fv2%2Fcategories&post=23414"},{"taxonomy":"post_tag","embeddable":true,"href":"https:\/\/obscom.intervozes.org.br\/index.php?rest_route=%2Fwp%2Fv2%2Ftags&post=23414"}],"curies":[{"name":"wp","href":"https:\/\/api.w.org\/{rel}","templated":true}]}}