{"id":23406,"date":"2009-10-01T17:02:02","date_gmt":"2009-10-01T17:02:02","guid":{"rendered":"https:\/\/obscom.intervozes.org.br\/wordpress\/?p=23406"},"modified":"2009-10-01T17:02:02","modified_gmt":"2009-10-01T17:02:02","slug":"exigencia-do-diploma-para-exercicio-do-jornalismo-e-defendida-na-ccj","status":"publish","type":"post","link":"https:\/\/obscom.intervozes.org.br\/?p=23406","title":{"rendered":"Exig\u00eancia do diploma para exerc\u00edcio do Jornalismo \u00e9 defendida na CCJ"},"content":{"rendered":"<p>   \t \t \t \t \t<!-- \t\t@page { margin: 2cm } \t\tP { margin-bottom: 0.21cm } \t--> \t   <\/p>\n<p style=\"margin-bottom: 0cm\" class=\"padrao\"><span class=\"padrao\">Em audi&ecirc;ncia na Comiss&atilde;o de Constitui&ccedil;&atilde;o, Justi&ccedil;a e Cidadania (CCJ), nesta quinta-feira (1), no Senado, a exig&ecirc;ncia do diploma de curso superior para exerc&iacute;cio do Jornalismo foi defendida por representantes da categoria. <\/p>\n<p>O presidente da Federa&ccedil;&atilde;o Nacional dos Jornalistas (Fenaj), S&eacute;rgio Murilo de Andrade, declarou que &eacute; preciso buscar uma solu&ccedil;&atilde;o para a &quot;crise imensa&quot; que atinge a categoria dos jornalistas, que possui mais de oitenta mil profissionais, sendo a maioria formando por universidades. <\/p>\n<p>S&eacute;rgio Murilo salientou que a regulamenta&ccedil;&atilde;o da profiss&atilde;o, al&eacute;m de beneficiar a pr&oacute;pria categoria, &eacute; um direito do cidad&atilde;o, uma vez que a exig&ecirc;ncia da certifica&ccedil;&atilde;o garantiria que o profissional possui os requisitos para a o exerc&iacute;cio do jornalismo. &quot;A regula&ccedil;&atilde;o &eacute; um bem para a pr&oacute;pria categoria, mas um direito para o cidad&atilde;o &#8211; argumentou, informando que diversos pa&iacute;ses democr&aacute;ticos a adotam e que os que n&atilde;o o fazem optam pela ado&ccedil;&atilde;o de outros crit&eacute;rios, como a aprova&ccedil;&atilde;o em prova espec&iacute;fica para o exerc&iacute;cio da atividade, caso da It&aacute;lia&quot;. <\/p>\n<p>Ainda segundo ele, n&atilde;o h&aacute; contradi&ccedil;&atilde;o entre a exig&ecirc;ncia do diploma e a liberdade de express&atilde;o, um dos principais argumentos utilizados na audi&ecirc;ncia que tornou inconstitucional gradua&ccedil;&atilde;o para exerc&iacute;cio do Jornalismo. Murilo ressaltou que a alega&ccedil;&atilde;o mistura o trabalho t&eacute;cnico exercido pelo jornalista e a livre express&atilde;o de opini&otilde;es, que s&atilde;o conceitos absolutamente antag&ocirc;nicos. A opini&atilde;o, disse ele, n&atilde;o &eacute; objeto de jornalismo, pois o mesmo trabalha com informa&ccedil;&atilde;o jornal&iacute;stica e, desse modo, deve distanciar-se de qualquer ju&iacute;zo de valor a respeito do tema abordado. <\/p>\n<p>A observa&ccedil;&atilde;o do presidente da Fenaj foi endossada por Edson Spenthof, presidente do F&oacute;rum Nacional de Professores de Jornalismo (FNPJ). Ele salientou que, &quot;por dever &eacute;tico, o jornalista n&atilde;o opina nas reportagens que escreve&quot;, o que contraria as informa&ccedil;&otilde;es passadas pela empresas ao Judici&aacute;rio, que acabou por considerar o argumento ao decidir sobre a obrigatoriedade do diploma. <\/p>\n<p>A audi&ecirc;ncia contou, ainda, com a presen&ccedil;a de Raimundo Britto, presidente da Ordem dos Advogados do Brasil (OAB), e de Carlos Franciscato, da Associa&ccedil;&atilde;o Brasileira de Pesquisadores em Jornalismo (SBPJor), segundo informa&ccedil;&otilde;es da Ag&ecirc;ncia Senado.<\/p>\n<p>Britto observou que a Constitui&ccedil;&atilde;o, apesar de n&atilde;o citar diretamente a profiss&atilde;o de jornalista, trata da mesma em diversos momentos. Esse fato, segundo ele, derrubaria a argumenta&ccedil;&atilde;o de inconstitucionalidade. &quot;N&atilde;o tenho d&uacute;vida em afirmar que a profiss&atilde;o de jornalista &eacute; constitucionalmente autorizada, diferentemente do que se est&aacute; dizendo&quot;, afirmou. <\/p>\n<p><strong>A PEC do diploma na CCJ<\/strong><\/p>\n<p>Na CCJ tramita uma proposta de emenda &agrave; Constitui&ccedil;&atilde;o (PEC n&ordm; 33\/09) de autoria do senador Antonio Carlos Valadares (PSB-CE) que restabelece o diploma para a profiss&atilde;o de jornalista. Segundo texto da PEC, a profiss&atilde;o de jornalista &eacute; privativo do portador de diploma de curso superior de Comunica&ccedil;&atilde;o, com habilita&ccedil;&atilde;o em Jornalismo, expedido por curso reconhecido pelo Minist&eacute;rio da Educa&ccedil;&atilde;o.<\/span><\/p>\n","protected":false},"excerpt":{"rendered":"<p>Em audi&ecirc;ncia na Comiss&atilde;o de Constitui&ccedil;&atilde;o, Justi&ccedil;a e Cidadania (CCJ), nesta quinta-feira (1), no Senado, a exig&ecirc;ncia do diploma de curso superior para exerc&iacute;cio do Jornalismo foi defendida por representantes da categoria. O presidente da Federa&ccedil;&atilde;o Nacional dos Jornalistas (Fenaj), S&eacute;rgio Murilo de Andrade, declarou que &eacute; preciso buscar uma solu&ccedil;&atilde;o para a &quot;crise imensa&quot; &hellip; <a href=\"https:\/\/obscom.intervozes.org.br\/?p=23406\" class=\"more-link\">Continue lendo <span class=\"screen-reader-text\">Exig\u00eancia do diploma para exerc\u00edcio do Jornalismo \u00e9 defendida na CCJ<\/span> <span class=\"meta-nav\">&rarr;<\/span><\/a><\/p>\n","protected":false},"author":1,"featured_media":0,"comment_status":"open","ping_status":"open","sticky":false,"template":"","format":"standard","meta":{"footnotes":""},"categories":[40],"tags":[199],"_links":{"self":[{"href":"https:\/\/obscom.intervozes.org.br\/index.php?rest_route=\/wp\/v2\/posts\/23406"}],"collection":[{"href":"https:\/\/obscom.intervozes.org.br\/index.php?rest_route=\/wp\/v2\/posts"}],"about":[{"href":"https:\/\/obscom.intervozes.org.br\/index.php?rest_route=\/wp\/v2\/types\/post"}],"author":[{"embeddable":true,"href":"https:\/\/obscom.intervozes.org.br\/index.php?rest_route=\/wp\/v2\/users\/1"}],"replies":[{"embeddable":true,"href":"https:\/\/obscom.intervozes.org.br\/index.php?rest_route=%2Fwp%2Fv2%2Fcomments&post=23406"}],"version-history":[{"count":0,"href":"https:\/\/obscom.intervozes.org.br\/index.php?rest_route=\/wp\/v2\/posts\/23406\/revisions"}],"wp:attachment":[{"href":"https:\/\/obscom.intervozes.org.br\/index.php?rest_route=%2Fwp%2Fv2%2Fmedia&parent=23406"}],"wp:term":[{"taxonomy":"category","embeddable":true,"href":"https:\/\/obscom.intervozes.org.br\/index.php?rest_route=%2Fwp%2Fv2%2Fcategories&post=23406"},{"taxonomy":"post_tag","embeddable":true,"href":"https:\/\/obscom.intervozes.org.br\/index.php?rest_route=%2Fwp%2Fv2%2Ftags&post=23406"}],"curies":[{"name":"wp","href":"https:\/\/api.w.org\/{rel}","templated":true}]}}