{"id":23404,"date":"2009-09-30T18:45:16","date_gmt":"2009-09-30T18:45:16","guid":{"rendered":"https:\/\/obscom.intervozes.org.br\/wordpress\/?p=23404"},"modified":"2009-09-30T18:45:16","modified_gmt":"2009-09-30T18:45:16","slug":"lula-veta-restricoes-a-debates-na-web-e-mantem-doacoes-ocultas","status":"publish","type":"post","link":"https:\/\/obscom.intervozes.org.br\/?p=23404","title":{"rendered":"Lula veta restri\u00e7\u00f5es a debates na web e mant\u00e9m doa\u00e7\u00f5es ocultas"},"content":{"rendered":"<p>   \t \t \t \t \t<!-- \t\t@page { margin: 2cm } \t\tP { margin-bottom: 0.21cm } \t--> \t   <\/p>\n<p style=\"margin-bottom: 0cm\" class=\"padrao\">O presidente Luiz In&aacute;cio Lula da Silva derrubou as restri&ccedil;&otilde;es a debates na internet durante a campanha eleitoral. As limita&ccedil;&otilde;es estavam presentes no texto da reforma eleitoral aprovada pelo Congresso Nacional. Elas foram vetadas pelo presidente na noite desta ter&ccedil;a-feira (29). As mudan&ccedil;as sancionadas por Lula estar&atilde;o em vigor nas elei&ccedil;&otilde;es de 2010.<\/p>\n<p>Lula derrubou o trecho da lei que equiparava os debates na internet &agrave;s regras de TV e r&aacute;dio. Pelo texto aprovado pelo Congresso, sites e blogs estariam obrigados a chamar no m&iacute;nimo dois ter&ccedil;os dos candidatos para debates em v&iacute;deo.<\/p>\n<p>O presidente manteve o direito de resposta em sites e blogs previsto no projeto. A nova reda&ccedil;&atilde;o da lei eleitoral acaba com a exig&ecirc;ncia de sites de pol&iacute;ticos no dom&iacute;nio &quot;.can.br&quot; e os permite a usarem blogs, Twitter e outras ferramentas na rede. Para n&atilde;o sofrerem san&ccedil;&otilde;es, os candidatos ter&atilde;o de registrar seus sites no TSE.<\/p>\n<p>A campanha na internet s&oacute; ser&aacute; permitida a partir do dia 5 de julho de cada ano, a exemplo do que acontece em outros ve&iacute;culos.<\/p>\n<p>Doa&ccedil;&otilde;es a candidatos feitas pela internet estar&atilde;o permitidas pela reda&ccedil;&atilde;o da nova lei.<\/p>\n<p>A publicidade paga na internet estar&aacute; completamente vedada nas pr&oacute;ximas elei&ccedil;&otilde;es presidenciais.<\/p>\n<p>O presidente tamb&eacute;m vetou a possibilidade de cidad&atilde;os se candidatarem sem ter quitado as suas d&iacute;vidas com a Justi&ccedil;a Eleitoral. Pelo projeto do Congresso, haveria a possibilidade da candidatura atrav&eacute;s do parcelamento posterior da d&iacute;vida.<\/p>\n<p><strong>Doa&ccedil;&otilde;es ocultas<\/strong><\/p>\n<p>De autoria conjunta de todos os l&iacute;deres da C&acirc;mara dos Deputados, a nova legisla&ccedil;&atilde;o permite a doa&ccedil;&atilde;o oculta a candidatos.<\/p>\n<p>As doa&ccedil;&otilde;es poder&atilde;o ser feitas aos partidos e repassadas aos candidatos pelos respectivos comit&ecirc;s. Desta forma, o eleitor fica impedido de saber quem doou a cada candidato.<\/p>\n<p>A pr&aacute;tica j&aacute; &eacute; legal. Por meio do novo texto, entretanto, a possibilidade ser&aacute; detalhada e o TSE estar&aacute; impedido de impor qualquer restri&ccedil;&atilde;o nesse sentido.<\/p>\n<p>A OAB (Ordem dos Advogados do Brasil) emitiu um comunicado criticando a proposta. Segundo a institui&ccedil;&atilde;o, a nova lei dificulta a atua&ccedil;&atilde;o da Justi&ccedil;a Eleitoral durante as elei&ccedil;&otilde;es, pois as declara&ccedil;&otilde;es de doa&ccedil;&otilde;es aos partidos s&oacute; ocorrem no ano seguinte ao pleito.<\/p>\n<p>Os relatores da proposta no Senado, Marco Maciel (DEM-PE) e Eduardo Azeredo (PSDB-MG), recusaram emendas que dariam mais transpar&ecirc;ncia &agrave;s doa&ccedil;&otilde;es.<\/p>\n<p>Lula tamb&eacute;m liberou a possibilidade de doa&ccedil;&atilde;o de bens pr&oacute;prios, como ve&iacute;culos e im&oacute;veis, at&eacute; o teto de R$ 50 mil para partidos e campanhas.<\/p>\n<p><strong>Voto impresso e em tr&acirc;nsito s&atilde;o mantidos<\/strong> <\/p>\n<p>O presidente manteve a possibilidade de voto em tr&acirc;nsito para presidente e a impress&atilde;o dos votos para confer&ecirc;ncia posterior.<\/p>\n<p>As duas propostas haviam sido derrubadas no Senado Federal, mas foram retomadas pelo relator na C&acirc;mara dos Deputados, o deputado Fl&aacute;vio Dino (PCdoB-MA), na vota&ccedil;&atilde;o a toque de caixa que aprovou o projeto no dia 16 de setembro.<\/p>\n","protected":false},"excerpt":{"rendered":"<p>O presidente Luiz In&aacute;cio Lula da Silva derrubou as restri&ccedil;&otilde;es a debates na internet durante a campanha eleitoral. As limita&ccedil;&otilde;es estavam presentes no texto da reforma eleitoral aprovada pelo Congresso Nacional. Elas foram vetadas pelo presidente na noite desta ter&ccedil;a-feira (29). As mudan&ccedil;as sancionadas por Lula estar&atilde;o em vigor nas elei&ccedil;&otilde;es de 2010. Lula derrubou &hellip; <a href=\"https:\/\/obscom.intervozes.org.br\/?p=23404\" class=\"more-link\">Continue lendo <span class=\"screen-reader-text\">Lula veta restri\u00e7\u00f5es a debates na web e mant\u00e9m doa\u00e7\u00f5es ocultas<\/span> <span class=\"meta-nav\">&rarr;<\/span><\/a><\/p>\n","protected":false},"author":1,"featured_media":0,"comment_status":"open","ping_status":"open","sticky":false,"template":"","format":"standard","meta":{"footnotes":""},"categories":[40],"tags":[717],"_links":{"self":[{"href":"https:\/\/obscom.intervozes.org.br\/index.php?rest_route=\/wp\/v2\/posts\/23404"}],"collection":[{"href":"https:\/\/obscom.intervozes.org.br\/index.php?rest_route=\/wp\/v2\/posts"}],"about":[{"href":"https:\/\/obscom.intervozes.org.br\/index.php?rest_route=\/wp\/v2\/types\/post"}],"author":[{"embeddable":true,"href":"https:\/\/obscom.intervozes.org.br\/index.php?rest_route=\/wp\/v2\/users\/1"}],"replies":[{"embeddable":true,"href":"https:\/\/obscom.intervozes.org.br\/index.php?rest_route=%2Fwp%2Fv2%2Fcomments&post=23404"}],"version-history":[{"count":0,"href":"https:\/\/obscom.intervozes.org.br\/index.php?rest_route=\/wp\/v2\/posts\/23404\/revisions"}],"wp:attachment":[{"href":"https:\/\/obscom.intervozes.org.br\/index.php?rest_route=%2Fwp%2Fv2%2Fmedia&parent=23404"}],"wp:term":[{"taxonomy":"category","embeddable":true,"href":"https:\/\/obscom.intervozes.org.br\/index.php?rest_route=%2Fwp%2Fv2%2Fcategories&post=23404"},{"taxonomy":"post_tag","embeddable":true,"href":"https:\/\/obscom.intervozes.org.br\/index.php?rest_route=%2Fwp%2Fv2%2Ftags&post=23404"}],"curies":[{"name":"wp","href":"https:\/\/api.w.org\/{rel}","templated":true}]}}