{"id":23399,"date":"2009-09-30T14:53:31","date_gmt":"2009-09-30T14:53:31","guid":{"rendered":"https:\/\/obscom.intervozes.org.br\/wordpress\/?p=23399"},"modified":"2009-09-30T14:53:31","modified_gmt":"2009-09-30T14:53:31","slug":"conheca-as-propostas-da-conferencia-livre-a-serem-enviadas-a-2a-cnc","status":"publish","type":"post","link":"https:\/\/obscom.intervozes.org.br\/?p=23399","title":{"rendered":"Conhe\u00e7a as propostas da Confer\u00eancia Livre a serem enviadas \u00e0 2\u00aa CNC"},"content":{"rendered":"<p>   \t \t \t \t \t<!-- \t\t@page { margin: 2cm } \t\tP { margin-bottom: 0.21cm } \t--> \t  <\/p>\n<p style=\"margin-bottom: 0cm\" class=\"padrao\">Veja na &iacute;ntegra as propostas aprovadas pelos participantes da Confer&ecirc;ncia Livre de Comunica&ccedil;&atilde;o e Cultura, realizada em Ch&atilde; Grande (PE) pelo Minist&eacute;rio da Cultura, que ser&atilde;o encaminhadas para a 2&ordf; Confer&ecirc;ncia Nacional de Cultura:<\/p>\n<p><span style=\"text-decoration: none\">BANDA LARGA<\/span> <br \/>1. Altera&ccedil;&atilde;o legal para utiliza&ccedil;&atilde;o do FUST, FISTEL e outros fundos na aplica&ccedil;&atilde;o da amplia&ccedil;&atilde;o da RNP, e outras redes p&uacute;blicas  e gratuitas de pesquisa e implanta&ccedil;&atilde;o de acesso de Internet via redes el&eacute;tricas e de sat&eacute;lites, capacita&ccedil;&atilde;o das comunidades para assumirem a responsabilidade de administrarem seus pr&oacute;prios servidores territoriais, permitindo prover conte&uacute;do licenciado livremente e a cria&ccedil;&atilde;o de uma rede de infraestrutura de suporte t&eacute;cnico para a universaliza&ccedil;&atilde;o, com qualidade, do acesso &agrave; banda larga.<\/p>\n<p>PLATAFORMAS<br \/>2. Estabelecer e fomentar pol&iacute;ticas p&uacute;blicas para o desenvolvimento de plataformas em software livre para a produ&ccedil;&atilde;o e difus&atilde;o de conte&uacute;dos colaborativos e multim&iacute;dia livres.<\/p>\n<p>DISTRIBUI&Ccedil;&Atilde;O <br \/>3. Criar um sistema p&uacute;blico de distribui&ccedil;&atilde;o f&iacute;sica de conte&uacute;dos produzidos pelas redes de comunica&ccedil;&atilde;o e cultura. e garantir que a produ&ccedil;&atilde;o cultural financiada com dinheiro p&uacute;blico seja exibida e distribu&iacute;da de forma livre, licenciada atrav&eacute;s de licen&ccedil;as flex&iacute;veis e disponibilizada em acervos livres.<\/p>\n<p>FORMA&Ccedil;&Atilde;O<br \/>4. Cria&ccedil;&atilde;o e manuten&ccedil;&atilde;o de escolas livres de forma&ccedil;&atilde;o multimidi&aacute;tica com n&uacute;cleos regionais e\/ou estaduais, reunindo as experi&ecirc;ncias metodol&oacute;gicas j&aacute; desenvolvidas por institui&ccedil;&otilde;es de reconhecimento p&uacute;blico, com &ecirc;nfase na forma&ccedil;&atilde;o continuada para o desenvolvimento de novas pr&aacute;ticas nas rela&ccedil;&otilde;es de mercado na &aacute;rea do audiovisual, da Economia Solid&aacute;ria e do Com&eacute;rcio Justo.<\/p>\n<p>DIREITO AUTORAL<br \/>5. Altera&ccedil;&atilde;o da legisla&ccedil;&atilde;o de Direito Autoral para garantir a amplia&ccedil;&atilde;o das possibilidades de uso das obras protegidas e, para fins de educa&ccedil;&atilde;o, pesquisa, de difus&atilde;o cultural, preserva&ccedil;&atilde;o, interoperabilidade e portabilidade, uso privado de c&oacute;pia integral sem finalidade comercial e tamb&eacute;m para garantir a supervis&atilde;o do estado nas entidades de gest&atilde;o coletiva para est&iacute;mulo ao licenciamento alternativo e garantia a prote&ccedil;&atilde;o dos conte&uacute;dos em dom&iacute;nio p&uacute;blico de modo que esses conte&uacute;dos permane&ccedil;am livres.<\/p>\n<p>CONTE&Uacute;DO REGIONAL\/INDEPENDENTE<br \/>6. Regulamenta&ccedil;&atilde;o do artigo 221 da Constitui&ccedil;&atilde;o Federal com a aprova&ccedil;&atilde;o de leis que garantam percentual de conte&uacute;do regional e independente, observando a diversidade &eacute;tnica, de g&ecirc;nero, religiosa para exibi&ccedil;&atilde;o nos canais de sinal aberto e por assinatura e nos mais diversos suportes e sua rigorosa fiscaliza&ccedil;&atilde;o. <\/p>\n<p>FOMENTO<br \/>7. Incentivo ao desenvolvimento de tecnologias para m&iacute;dias livres, pulveriza&ccedil;&atilde;o do recurso p&uacute;blico gasto com publicidade para fomentar produ&ccedil;&otilde;es impressas independentes e desonera&ccedil;&atilde;o da cadeia produtiva do audiovisual atrav&eacute;s do fomento para a forma&ccedil;&atilde;o de um parque industrial nacional para a fabrica&ccedil;&atilde;o de maquin&aacute;rio de suporte, de baixo custo, para a ind&uacute;stria do audiovisual e da redu&ccedil;&atilde;o dos custos de importa&ccedil;&atilde;o de c&acirc;meras, equipamentos e componentes audiovisuais, sem similar produzido no Brasil.<\/p>\n","protected":false},"excerpt":{"rendered":"<p>Veja na &iacute;ntegra as propostas aprovadas pelos participantes da Confer&ecirc;ncia Livre de Comunica&ccedil;&atilde;o e Cultura, realizada em Ch&atilde; Grande (PE) pelo Minist&eacute;rio da Cultura, que ser&atilde;o encaminhadas para a 2&ordf; Confer&ecirc;ncia Nacional de Cultura: BANDA LARGA 1. Altera&ccedil;&atilde;o legal para utiliza&ccedil;&atilde;o do FUST, FISTEL e outros fundos na aplica&ccedil;&atilde;o da amplia&ccedil;&atilde;o da RNP, e outras &hellip; <a href=\"https:\/\/obscom.intervozes.org.br\/?p=23399\" class=\"more-link\">Continue lendo <span class=\"screen-reader-text\">Conhe\u00e7a as propostas da Confer\u00eancia Livre a serem enviadas \u00e0 2\u00aa CNC<\/span> <span class=\"meta-nav\">&rarr;<\/span><\/a><\/p>\n","protected":false},"author":1,"featured_media":0,"comment_status":"open","ping_status":"open","sticky":false,"template":"","format":"standard","meta":{"footnotes":""},"categories":[40],"tags":[1120],"_links":{"self":[{"href":"https:\/\/obscom.intervozes.org.br\/index.php?rest_route=\/wp\/v2\/posts\/23399"}],"collection":[{"href":"https:\/\/obscom.intervozes.org.br\/index.php?rest_route=\/wp\/v2\/posts"}],"about":[{"href":"https:\/\/obscom.intervozes.org.br\/index.php?rest_route=\/wp\/v2\/types\/post"}],"author":[{"embeddable":true,"href":"https:\/\/obscom.intervozes.org.br\/index.php?rest_route=\/wp\/v2\/users\/1"}],"replies":[{"embeddable":true,"href":"https:\/\/obscom.intervozes.org.br\/index.php?rest_route=%2Fwp%2Fv2%2Fcomments&post=23399"}],"version-history":[{"count":0,"href":"https:\/\/obscom.intervozes.org.br\/index.php?rest_route=\/wp\/v2\/posts\/23399\/revisions"}],"wp:attachment":[{"href":"https:\/\/obscom.intervozes.org.br\/index.php?rest_route=%2Fwp%2Fv2%2Fmedia&parent=23399"}],"wp:term":[{"taxonomy":"category","embeddable":true,"href":"https:\/\/obscom.intervozes.org.br\/index.php?rest_route=%2Fwp%2Fv2%2Fcategories&post=23399"},{"taxonomy":"post_tag","embeddable":true,"href":"https:\/\/obscom.intervozes.org.br\/index.php?rest_route=%2Fwp%2Fv2%2Ftags&post=23399"}],"curies":[{"name":"wp","href":"https:\/\/api.w.org\/{rel}","templated":true}]}}