{"id":23398,"date":"2009-09-29T17:27:53","date_gmt":"2009-09-29T17:27:53","guid":{"rendered":"https:\/\/obscom.intervozes.org.br\/wordpress\/?p=23398"},"modified":"2014-09-07T02:58:45","modified_gmt":"2014-09-07T02:58:45","slug":"conferencia-livre-aponta-sintonia-entre-demandas-da-cultura-e-da-comunicacao","status":"publish","type":"post","link":"https:\/\/obscom.intervozes.org.br\/?p=23398","title":{"rendered":"Confer\u00eancia Livre aponta sintonia entre demandas da cultura e da comunica\u00e7\u00e3o"},"content":{"rendered":"<p>   \t \t \t \t \t<!-- \t\t@page { margin: 2cm } \t\tP { margin-bottom: 0.21cm } \t--> \t  <\/p>\n<p style=\"margin-bottom: 0cm\" class=\"padrao\">Durante quatro dias, representantes de Pontos e Pont&otilde;es de Cultura e tamb&eacute;m das iniciativas contempladas pelo Pr&ecirc;mio de M&iacute;dia Livre do Minist&eacute;rio da Cultura reuniram-se na 1&ordf; Confer&ecirc;ncia Livre de Comunica&ccedil;&atilde;o e Cultura, no munic&iacute;pio de Ch&atilde; Grande, em Pernambuco, distante 84 km do Recife.  A confer&ecirc;ncia, organizada MinC em parceria com Universidade Federal de Pernambuco (UFPE), contou com a participa&ccedil;&atilde;o de aproximadamente 100 &ldquo;midialivristas&rdquo; de todo o pa&iacute;s. <\/p>\n<p>O encontro de projetos que interligam cultura e comunica&ccedil;&atilde;o visou elaborar propostas para a 1&ordf; Confer&ecirc;ncia Nacional de Comunica&ccedil;&atilde;o (Confecom), e para a 2&ordf; Confer&ecirc;ncia Nacional de Cultura (CNC), que acontecem em dezembro de 2009 e em mar&ccedil;o de 2010, respectivamente. As discuss&otilde;es foram direcionadas pela perspectiva da comunica&ccedil;&atilde;o como direito. A proposta de tem&aacute;rio e metodologia dos organizadores do evento partiu ainda do entendimento de que os direitos culturais e comunicacionais do povo brasileiro podem e devem ser ampliados a partir da reflex&atilde;o e a&ccedil;&atilde;o conjuntas entre sociedade e governo. <\/p>\n<p>&ldquo;Do ponto de vista do governo, o evento foi extremamente importante justamente por ter conseguido cumprir com seus objetivos iniciais, principalmente a produ&ccedil;&atilde;o de documentos para as duas confer&ecirc;ncias, a de cultura e a de comunica&ccedil;&atilde;o&rdquo;, avaliou Tarciana Portella, chefe da Representa&ccedil;&atilde;o Nordeste do Minist&eacute;rio da Cultura. A representante do MinC avalia ainda que as propostas que foram aprovadas no encontro representam pontos chaves e grandes desafios para as  confer&ecirc;ncias nacionais. <\/p>\n<p>Foram abordadas quest&otilde;es como soberania, liberdade de express&atilde;o, inclus&atilde;o cultural e digital, diversidade e identidades culturais, sustentabilidade das cadeias produtivas e economia criativa, converg&ecirc;ncia tecnol&oacute;gica e legisla&ccedil;&atilde;o, regionaliza&ccedil;&atilde;o da produ&ccedil;&atilde;o, dentre outros t&oacute;picos relevantes. Os resultados das discuss&otilde;es foram sistematizados em dois documentos, com propostas espec&iacute;ficas para cada uma das confer&ecirc;ncias nacionais.<\/p>\n<p>Para Oona Castro, coordenadora executiva do Instituto Overmundo, projeto contemplado pelo Pr&ecirc;mio de M&iacute;dia Livre, a I Confer&ecirc;ncia Livre de Comunica&ccedil;&atilde;o para a Cultura serviu como um impulso para compartilhar, dentre outras coisas, a pauta da Confecom e reunir as contribui&ccedil;&otilde;es de um p&uacute;blico bastante heterog&ecirc;neo, que comp&otilde;em os Pontos e Pont&otilde;es de Cultura e os Pontos de M&iacute;dia Livre. A realiza&ccedil;&atilde;o do evento tamb&eacute;m abriu um espa&ccedil;o necess&aacute;rio, segundo Oona, para se ouvir a demanda de outros grupos que n&atilde;o necessariamente est&atilde;o engajados nos processos pr&oacute; Confer&ecirc;ncia Nacional de Comunica&ccedil;&atilde;o nos seus estados.<\/p>\n<p>Avalia&ccedil;&atilde;o positiva tamb&eacute;m foi feita pelo midialivrista Renato Rovai, editor da Revista F&oacute;rum e integrante do grupo de trabalho executivo do F&oacute;rum de M&iacute;dia Livre. Na opini&atilde;o de Rovai, o encontro foi muito positivo por ser a 1&ordf; Confer&ecirc;ncia Livre  presencial que conseguiu formular propostas para a Confecom em n&iacute;vel nacional. &ldquo;Algumas outras confer&ecirc;ncias virtuais de car&aacute;ter nacional j&aacute; aconteceram, mas com as comiss&otilde;es pr&oacute;-confer&ecirc;ncia dos estados e n&atilde;o por fazedores de m&iacute;dia como aconteceu agora&rdquo; <\/p>\n<p>Rovai lembra ainda que, por conta do curto tempo para a articula&ccedil;&atilde;o das etapas estaduais da Confecom, ainda n&atilde;o se sabe se o movimento de comunica&ccedil;&atilde;o ter&aacute; f&ocirc;lego para a realiza&ccedil;&atilde;o de outros encontros presenciais como estes, o que faz com que o evento em Pernambuco possa vir a ser a &uacute;nica confer&ecirc;ncia livre nacional a ter uma s&eacute;rie de propostas que sinalizam para os desafios que est&atilde;o postos para dezembro. &ldquo;Essa confer&ecirc;ncia foi, sem d&uacute;vida, um importante salto para elabora&ccedil;&otilde;es de propostas para a Confecom&rdquo;, acredita Rovai.<\/p>\n<p><strong>Propostas para as confer&ecirc;ncias<\/strong><\/p>\n<p>A necessidade de apropria&ccedil;&atilde;o livre e colaborativa, financiada pelo poder p&uacute;blico, das tecnologias da informa&ccedil;&atilde;o e da comunica&ccedil;&atilde;o para garantia do direito &agrave; comunica&ccedil;&atilde;o e &agrave; cultura esteve presente em todos os debates que permearam a confer&ecirc;ncia e isso se refletiu tamb&eacute;m nas propostas. <\/p>\n<p>A defesa de uma banda larga p&uacute;blica e gratuita como condi&ccedil;&atilde;o para a democratiza&ccedil;&atilde;o do acesso e da produ&ccedil;&atilde;o de cultura e comunica&ccedil;&atilde;o foi um dos grandes consensos do encontro, junto com a defesa de garantias para o funcionamento adequado da radiodifus&atilde;o comunit&aacute;ria. <\/p>\n<p>O financiamento p&uacute;blico da produ&ccedil;&atilde;o da comunica&ccedil;&atilde;o e da cultura, as licen&ccedil;as flex&iacute;veis para todos os conte&uacute;dos produzidos com financiamento do Estado, bem como a regionaliza&ccedil;&atilde;o da produ&ccedil;&atilde;o e o incentivo &agrave;s produ&ccedil;&otilde;es colaborativas, a partir de plataformas de software livre, foram propostas que, por exemplo, ser&atilde;o encaminhadas &agrave;s duas confer&ecirc;ncias. <\/p>\n<p>A sintonia destes dois setores durante o encontro mostra que as pol&iacute;ticas p&uacute;blicas de comunica&ccedil;&atilde;o e cultura, principalmente com o aporte das novas tecnologias, precisam ser pensadas cada vez mais de forma articuladas. <\/p>\n<p>Ao todo, sete propostas foram encaminhadas para os sete eixos da Confer&ecirc;ncia Nacional e Cultura que s&atilde;o: banda larga, plataforma, distribui&ccedil;&atilde;o, forma&ccedil;&atilde;o, direito autoral, conte&uacute;do regional independente e fomento. Outras 43 propostas foram encaminhadas para os tr&ecirc;s eixos da Confer&ecirc;ncia Nacional de Comunica&ccedil;&atilde;o, que s&atilde;o: produ&ccedil;&atilde;o de conte&uacute;do, meios de distribui&ccedil;&atilde;o e cidadania: direitos e deveres.<\/p>\n<p><strong>Vit&oacute;rias da Cultura<\/strong><\/p>\n<p>O encontro tamb&eacute;m acabou servindo para comemorar a aprova&ccedil;&atilde;o do Projeto de Emenda Constitucional 150 (PEC 150), que destina recursos dos or&ccedil;amentos da Uni&atilde;o, dos Estados e munic&iacute;pios &agrave; &aacute;rea da cultura. A PEC foi apreciada pela Comiss&atilde;o Especial da C&acirc;mara dos Deputados. Tamb&eacute;m foi comemorada como vit&oacute;ria a aprova&ccedil;&atilde;o do Plano Nacional de Cultura, que aconteceu no &uacute;ltimo dia 24.<\/p>\n<p>   \t \t \t \t \t<!-- \t\t@page { margin: 2cm } \t\tP { margin-bottom: 0.21cm } \t--> \t  <\/p>\n<p style=\"margin-bottom: 0cm\" class=\"western\"><strong>VEJA TAMB&Eacute;M:<\/strong><br \/><a href=\"http:\/\/localhost\/intervozes_direitoacomunicacao\/wordpress\/?p=23399\" target=\"_blank\">Conhe&ccedil;a as propostas da Confer&ecirc;ncia Livre a serem enviadas &agrave; 2&ordf; CNC<\/a><br \/><a href=\"http:\/\/localhost\/intervozes_direitoacomunicacao\/wordpress\/?p=23400\" target=\"_blank\">Conhe&ccedil;a as propostas da Confer&ecirc;ncia Livre a serem enviadas &agrave; 1&ordf; Confecom<\/a> <\/p>\n<p>&nbsp;<\/p>\n","protected":false},"excerpt":{"rendered":"<p>MinC re&uacute;ne Pontos de Cultura e Pontos de M&iacute;dia Livre em Pernambuco para definir propostas para confer&ecirc;ncias de Comunica&ccedil;&atilde;o e de Cultura<\/p>\n","protected":false},"author":1,"featured_media":0,"comment_status":"open","ping_status":"open","sticky":false,"template":"","format":"standard","meta":{"footnotes":""},"categories":[40],"tags":[1012],"_links":{"self":[{"href":"https:\/\/obscom.intervozes.org.br\/index.php?rest_route=\/wp\/v2\/posts\/23398"}],"collection":[{"href":"https:\/\/obscom.intervozes.org.br\/index.php?rest_route=\/wp\/v2\/posts"}],"about":[{"href":"https:\/\/obscom.intervozes.org.br\/index.php?rest_route=\/wp\/v2\/types\/post"}],"author":[{"embeddable":true,"href":"https:\/\/obscom.intervozes.org.br\/index.php?rest_route=\/wp\/v2\/users\/1"}],"replies":[{"embeddable":true,"href":"https:\/\/obscom.intervozes.org.br\/index.php?rest_route=%2Fwp%2Fv2%2Fcomments&post=23398"}],"version-history":[{"count":2,"href":"https:\/\/obscom.intervozes.org.br\/index.php?rest_route=\/wp\/v2\/posts\/23398\/revisions"}],"predecessor-version":[{"id":28045,"href":"https:\/\/obscom.intervozes.org.br\/index.php?rest_route=\/wp\/v2\/posts\/23398\/revisions\/28045"}],"wp:attachment":[{"href":"https:\/\/obscom.intervozes.org.br\/index.php?rest_route=%2Fwp%2Fv2%2Fmedia&parent=23398"}],"wp:term":[{"taxonomy":"category","embeddable":true,"href":"https:\/\/obscom.intervozes.org.br\/index.php?rest_route=%2Fwp%2Fv2%2Fcategories&post=23398"},{"taxonomy":"post_tag","embeddable":true,"href":"https:\/\/obscom.intervozes.org.br\/index.php?rest_route=%2Fwp%2Fv2%2Ftags&post=23398"}],"curies":[{"name":"wp","href":"https:\/\/api.w.org\/{rel}","templated":true}]}}