{"id":23394,"date":"2009-09-28T16:38:41","date_gmt":"2009-09-28T16:38:41","guid":{"rendered":"https:\/\/obscom.intervozes.org.br\/wordpress\/?p=23394"},"modified":"2009-09-28T16:38:41","modified_gmt":"2009-09-28T16:38:41","slug":"audiencia-publica-no-senado-debate-pec-que-restitui-exigencia-do-diploma","status":"publish","type":"post","link":"https:\/\/obscom.intervozes.org.br\/?p=23394","title":{"rendered":"Audi\u00eancia p\u00fablica no Senado debate PEC que restitui exig\u00eancia do diploma"},"content":{"rendered":"<p>   \t \t \t \t \t<!-- \t\t@page { margin: 2cm } \t\tP { margin-bottom: 0.21cm } \t--> \t    <\/p>\n<p style=\"margin-bottom: 0cm\" class=\"western\"><span class=\"padrao\">A Comiss&atilde;o de Constitui&ccedil;&atilde;o e Justi&ccedil;a (CCJ) do Senado realiza, na pr&oacute;xima quinta-feira (1), audiencia p&uacute;blica para debater a Proposta de Emenda Constitucional (PEC) do senador Ant&ocirc;nio Carlos Valadares (PSB-SE), que restitui a exig&ecirc;ncia do diploma no Jornalismo. <\/p>\n<p>Foram convidados a participar do debate os presidentes da Federa&ccedil;&atilde;o Nacional dos Jornalistas (Fenaj), S&eacute;rgio Murillo; da Associa&ccedil;&atilde;o Brasileira de Emissoras de R&aacute;dio e Televis&atilde;o (Abert), Daniel Pimentel Slaviero; da Associa&ccedil;&atilde;o Brasileira de Imprensa (ABI), Maur&iacute;cio Azedo; da Associa&ccedil;&atilde;o Nacional de Jornais (ANJ), Judith Brito; e da Ordem dos Advogados do Brasil (OAB), Cezar Britto, al&eacute;m de representantes do F&oacute;rum Nacional dos Professoresde Jornalismo (FNPJ) e da Associa&ccedil;&atilde;o Brasileira de Pesquisadores em Jornalismo (SBPJor).<\/p>\n<p>A proposta do senador exige o diploma para o exerc&iacute;cio do trabalho jornal&iacute;stico, mas abre espa&ccedil;o aos colaboradores &#8211; que, por n&atilde;o terem v&iacute;nculo empregat&iacute;cio com os ve&iacute;culos, poder&atilde;o ser originados de outras forma&ccedil;&otilde;es. A PEC isenta ainda a necessidade da gradua&ccedil;&atilde;o aos profissionais que j&aacute; obtiveram registro junto ao Minist&eacute;rio do Trabalho e Emprego. <\/p>\n<p>Na defesa da PEC, Valadares argumenta que a destitui&ccedil;&atilde;o do diploma pode vir a desqualificar o conte&uacute;do produzido no pa&iacute;s. &quot;Empresas jornal&iacute;sticas de fundo de quintal poderiam proliferar contratando, a pre&ccedil;o de banana, qualquer um que se declare como jornalista&quot;. <\/p>\n<p>O senador frisa ainda que o trabalho do jornalista, diferente do articulista &#8211; cargo que n&atilde;o exige forma&ccedil;&atilde;o &#8211; n&atilde;o exp&otilde;e opini&atilde;o, pautando-se pela imparcialidade. Segundo Valadores, exige-se do profissional de imprensa &quot;a apura&ccedil;&atilde;o criteriosa de fatos, que s&atilde;o ent&atilde;o transmitidos &agrave; popula&ccedil;&atilde;o segundo crit&eacute;rios &eacute;ticos e t&eacute;cnicas espec&iacute;ficas que prezam a imparcialidade e o direito &agrave; informa&ccedil;&atilde;o, o que requer estudo e profissionalismo&quot;. A informa&ccedil;&atilde;o &eacute; da <em>Ag&ecirc;ncia C&acirc;mara<\/em>.<\/span><\/p>\n","protected":false},"excerpt":{"rendered":"<p>A Comiss&atilde;o de Constitui&ccedil;&atilde;o e Justi&ccedil;a (CCJ) do Senado realiza, na pr&oacute;xima quinta-feira (1), audiencia p&uacute;blica para debater a Proposta de Emenda Constitucional (PEC) do senador Ant&ocirc;nio Carlos Valadares (PSB-SE), que restitui a exig&ecirc;ncia do diploma no Jornalismo. Foram convidados a participar do debate os presidentes da Federa&ccedil;&atilde;o Nacional dos Jornalistas (Fenaj), S&eacute;rgio Murillo; da &hellip; <a href=\"https:\/\/obscom.intervozes.org.br\/?p=23394\" class=\"more-link\">Continue lendo <span class=\"screen-reader-text\">Audi\u00eancia p\u00fablica no Senado debate PEC que restitui exig\u00eancia do diploma<\/span> <span class=\"meta-nav\">&rarr;<\/span><\/a><\/p>\n","protected":false},"author":1,"featured_media":0,"comment_status":"open","ping_status":"open","sticky":false,"template":"","format":"standard","meta":{"footnotes":""},"categories":[40],"tags":[199],"_links":{"self":[{"href":"https:\/\/obscom.intervozes.org.br\/index.php?rest_route=\/wp\/v2\/posts\/23394"}],"collection":[{"href":"https:\/\/obscom.intervozes.org.br\/index.php?rest_route=\/wp\/v2\/posts"}],"about":[{"href":"https:\/\/obscom.intervozes.org.br\/index.php?rest_route=\/wp\/v2\/types\/post"}],"author":[{"embeddable":true,"href":"https:\/\/obscom.intervozes.org.br\/index.php?rest_route=\/wp\/v2\/users\/1"}],"replies":[{"embeddable":true,"href":"https:\/\/obscom.intervozes.org.br\/index.php?rest_route=%2Fwp%2Fv2%2Fcomments&post=23394"}],"version-history":[{"count":0,"href":"https:\/\/obscom.intervozes.org.br\/index.php?rest_route=\/wp\/v2\/posts\/23394\/revisions"}],"wp:attachment":[{"href":"https:\/\/obscom.intervozes.org.br\/index.php?rest_route=%2Fwp%2Fv2%2Fmedia&parent=23394"}],"wp:term":[{"taxonomy":"category","embeddable":true,"href":"https:\/\/obscom.intervozes.org.br\/index.php?rest_route=%2Fwp%2Fv2%2Fcategories&post=23394"},{"taxonomy":"post_tag","embeddable":true,"href":"https:\/\/obscom.intervozes.org.br\/index.php?rest_route=%2Fwp%2Fv2%2Ftags&post=23394"}],"curies":[{"name":"wp","href":"https:\/\/api.w.org\/{rel}","templated":true}]}}