{"id":23380,"date":"2009-09-22T22:35:26","date_gmt":"2009-09-22T22:35:26","guid":{"rendered":"https:\/\/obscom.intervozes.org.br\/wordpress\/?p=23380"},"modified":"2009-09-22T22:35:26","modified_gmt":"2009-09-22T22:35:26","slug":"contratos-de-acesso-a-internet-terao-que-trazer-velocidades-minimas-e-maximas","status":"publish","type":"post","link":"https:\/\/obscom.intervozes.org.br\/?p=23380","title":{"rendered":"Contratos de acesso \u00e0 internet ter\u00e3o que trazer velocidades m\u00ednimas e m\u00e1ximas"},"content":{"rendered":"<p> \t<!-- \t\t@page { margin: 2cm } \t\tP { margin-bottom: 0.21cm } \t--> \t   <\/p>\n<p style=\"margin-bottom: 0cm\" class=\"padrao\">As operadoras ter&atilde;o que explicitar, nos contratos de servi&ccedil;o de acesso &agrave; internet em banda larga, as velocidades m&iacute;nimas e m&aacute;ximas ofertadas. A determina&ccedil;&atilde;o da Anatel, que ser&aacute; inclu&iacute;da no seu regulamento de presta&ccedil;&atilde;o do servi&ccedil;o m&oacute;vel pessoal, j&aacute; est&aacute; valendo e est&aacute; sendo utilizada pela Telef&ocirc;nica, na comercializa&ccedil;&atilde;o do Speedy.<\/p>\n<p>Segundo o superintendente de Servi&ccedil;os Privados da ag&ecirc;ncia, Jarbas Valente, as outras empresas tamb&eacute;m est&atilde;o sendo contatadas para adotarem o mesmo procedimento. Ele tamb&eacute;m disse que a publicidade deve apresentar as mesmas informa&ccedil;&otilde;es que est&atilde;o, e n&atilde;o apenas a velocidade m&aacute;xima, como &eacute; feito atualmente, por ser uma informa&ccedil;&atilde;o incorreta.<\/p>\n<p>Outra provid&ecirc;ncia que est&aacute; em curso na Anatel, &eacute; a elabora&ccedil;&atilde;o de regulamento espec&iacute;fico para comercializa&ccedil;&atilde;o de servi&ccedil;os m&uacute;ltiplos, os combos, que s&atilde;o alvo de muitas den&uacute;ncias nos &oacute;rg&atilde;os de prote&ccedil;&atilde;o ao consumidor. &ldquo;Mas isso ainda vai demorar um pouco porque &eacute; mais complexo&rdquo;, disse Valente.<\/p>\n","protected":false},"excerpt":{"rendered":"<p>As operadoras ter&atilde;o que explicitar, nos contratos de servi&ccedil;o de acesso &agrave; internet em banda larga, as velocidades m&iacute;nimas e m&aacute;ximas ofertadas. A determina&ccedil;&atilde;o da Anatel, que ser&aacute; inclu&iacute;da no seu regulamento de presta&ccedil;&atilde;o do servi&ccedil;o m&oacute;vel pessoal, j&aacute; est&aacute; valendo e est&aacute; sendo utilizada pela Telef&ocirc;nica, na comercializa&ccedil;&atilde;o do Speedy. Segundo o superintendente de &hellip; <a href=\"https:\/\/obscom.intervozes.org.br\/?p=23380\" class=\"more-link\">Continue lendo <span class=\"screen-reader-text\">Contratos de acesso \u00e0 internet ter\u00e3o que trazer velocidades m\u00ednimas e m\u00e1ximas<\/span> <span class=\"meta-nav\">&rarr;<\/span><\/a><\/p>\n","protected":false},"author":1,"featured_media":0,"comment_status":"open","ping_status":"open","sticky":false,"template":"","format":"standard","meta":{"footnotes":""},"categories":[40],"tags":[1116],"_links":{"self":[{"href":"https:\/\/obscom.intervozes.org.br\/index.php?rest_route=\/wp\/v2\/posts\/23380"}],"collection":[{"href":"https:\/\/obscom.intervozes.org.br\/index.php?rest_route=\/wp\/v2\/posts"}],"about":[{"href":"https:\/\/obscom.intervozes.org.br\/index.php?rest_route=\/wp\/v2\/types\/post"}],"author":[{"embeddable":true,"href":"https:\/\/obscom.intervozes.org.br\/index.php?rest_route=\/wp\/v2\/users\/1"}],"replies":[{"embeddable":true,"href":"https:\/\/obscom.intervozes.org.br\/index.php?rest_route=%2Fwp%2Fv2%2Fcomments&post=23380"}],"version-history":[{"count":0,"href":"https:\/\/obscom.intervozes.org.br\/index.php?rest_route=\/wp\/v2\/posts\/23380\/revisions"}],"wp:attachment":[{"href":"https:\/\/obscom.intervozes.org.br\/index.php?rest_route=%2Fwp%2Fv2%2Fmedia&parent=23380"}],"wp:term":[{"taxonomy":"category","embeddable":true,"href":"https:\/\/obscom.intervozes.org.br\/index.php?rest_route=%2Fwp%2Fv2%2Fcategories&post=23380"},{"taxonomy":"post_tag","embeddable":true,"href":"https:\/\/obscom.intervozes.org.br\/index.php?rest_route=%2Fwp%2Fv2%2Ftags&post=23380"}],"curies":[{"name":"wp","href":"https:\/\/api.w.org\/{rel}","templated":true}]}}