{"id":23376,"date":"2009-09-22T14:37:36","date_gmt":"2009-09-22T14:37:36","guid":{"rendered":"https:\/\/obscom.intervozes.org.br\/wordpress\/?p=23376"},"modified":"2014-09-07T02:58:43","modified_gmt":"2014-09-07T02:58:43","slug":"assembleia-legislativa-de-sao-paulo-convoca-conferencia-estadual","status":"publish","type":"post","link":"https:\/\/obscom.intervozes.org.br\/?p=23376","title":{"rendered":"Assembl\u00e9ia Legislativa de S\u00e3o Paulo convoca confer\u00eancia estadual"},"content":{"rendered":"<p> \t<!-- \t\t@page { margin: 2cm } \t\tP { margin-bottom: 0.21cm } \t--> \t <\/p>\n<p style=\"margin-bottom: 0cm\" class=\"western\"><strong>Reproduzido da Ciranda Internacional da Informa&ccedil;&atilde;o<\/strong><\/p>\n<p><em>[T&iacute;tulo original: Confecom paulista sai por ato da Assembl&eacute;ia Legislativa] <\/em><\/p>\n<p>O Ato N&ordm;24 de 2009, da Assembl&eacute;ia Legistaliva de S&atilde;o Paulo, publicado hoje no Di&aacute;rio Oficial, convoca a I Confer&ecirc;ncia Estadual de S&atilde;o Paulo para o per&iacute;odo de 30 de Outubro a 1&ordm; de Novembro. Com isso, os movimentos e entidades sociais que construiram a Comiss&atilde;o Paulista Pro-Confecom se mobilizam agora para levar as propostas geradas pela I Pr&eacute;-Confer&ecirc;ncia no Estado ao debate com o Poder P&uacute;blico dentro de uma etapa oficial do processo deflagrado pelo decreto presidencial. A Confer&ecirc;ncia Paulista eleger&aacute; delegados e delegadas para a I Confer&ecirc;ncia Nacional de Comunica&ccedil;&atilde;o, que ser&aacute; realizada em Bras&iacute;lia, de 1&ordm; a 3 de Dezembro de 2009.<\/p>\n<p>Duas grandes restri&ccedil;&otilde;es &agrave; participa&ccedil;&atilde;o democr&aacute;tica de representantes paulistas impostas por delibera&ccedil;&otilde;es do Poder P&uacute;blico no processo da Confecom est&atilde;o gerando protestos das entidades representadas na Comiss&atilde;o Paulista. Uma delas foi gerada pelo Regimento Interno da Confecom nacional, que reduz o n&uacute;mero de delegados de S&atilde;o Paulo em rela&ccedil;&atilde;o &agrave; proporcionalidade garantida aos demais Estados. Uma nota de rep&uacute;dio foi publicada pela Comiss&atilde;o Paulista Pr&oacute;-Confecom. A outra restri&ccedil;&atilde;o surgiu agora, interna ao processo estadual, com o Ato da Mesa da Assembl&eacute;ia Legislativa.<\/p>\n<p>Embora as propostas para a Confecom venham sendo acompanhadas por parlamentares das Comiss&otilde;es de Direitos Humanos, Educa&ccedil;&atilde;o e Cultura, o Legislativo estabeleceu que a Confecom Paulista ser&aacute; coordenada pela Comiss&atilde;o de Transporte e Comunica&ccedil;&atilde;o, presidida pelo Deputado Comte Lopes, em conjunto com a Comiss&atilde;o representativa dos movimentos sociais paulistas.<\/p>\n<p>O Ato reduz com isso a participa&ccedil;&atilde;o de parlamentares das demais comiss&otilde;es. O assunto ser&aacute; ainda tratado entre os que sentiram excluidos do processo e representantes da Comiss&atilde;o, em busca de alternativa, nesta segunda-feira (21). Tamb&eacute;m ser&aacute; definida a data para a primeira reuni&atilde;o com a Comiss&atilde;o Paulista, possivelmente a ser fixada para 23 de setembro, quarta-feira pr&oacute;xima.<\/p>\n<p>A convoca&ccedil;&atilde;o da I Confecom Paulista pela Assembl&eacute;ia Legislativa ocorre ap&oacute;s desdobrados esfor&ccedil;os para que o Governo do Estado assumisse o processo, mas a reivindica&ccedil;&atilde;o, formalizada pela &uacute;ltima vez em carta ao Secret&aacute;rio de Comunica&ccedil;&atilde;o do Estado, n&atilde;o foi atendida. <em>(Rita Freire)<\/em><\/p>\n<p><a href=\"http:\/\/localhost\/intervozes_direitoacomunicacao\/wordpress\/?p=17967\" target=\"_blank\">Leia a &iacute;ntegra do Ato N&ordm; 24\/09<\/a> <\/p>\n","protected":false},"excerpt":{"rendered":"<p>Reproduzido da Ciranda Internacional da Informa&ccedil;&atilde;o [T&iacute;tulo original: Confecom paulista sai por ato da Assembl&eacute;ia Legislativa] O Ato N&ordm;24 de 2009, da Assembl&eacute;ia Legistaliva de S&atilde;o Paulo, publicado hoje no Di&aacute;rio Oficial, convoca a I Confer&ecirc;ncia Estadual de S&atilde;o Paulo para o per&iacute;odo de 30 de Outubro a 1&ordm; de Novembro. Com isso, os movimentos &hellip; <a href=\"https:\/\/obscom.intervozes.org.br\/?p=23376\" class=\"more-link\">Continue lendo <span class=\"screen-reader-text\">Assembl\u00e9ia Legislativa de S\u00e3o Paulo convoca confer\u00eancia estadual<\/span> <span class=\"meta-nav\">&rarr;<\/span><\/a><\/p>\n","protected":false},"author":1,"featured_media":0,"comment_status":"open","ping_status":"open","sticky":false,"template":"","format":"standard","meta":{"footnotes":""},"categories":[39],"tags":[],"_links":{"self":[{"href":"https:\/\/obscom.intervozes.org.br\/index.php?rest_route=\/wp\/v2\/posts\/23376"}],"collection":[{"href":"https:\/\/obscom.intervozes.org.br\/index.php?rest_route=\/wp\/v2\/posts"}],"about":[{"href":"https:\/\/obscom.intervozes.org.br\/index.php?rest_route=\/wp\/v2\/types\/post"}],"author":[{"embeddable":true,"href":"https:\/\/obscom.intervozes.org.br\/index.php?rest_route=\/wp\/v2\/users\/1"}],"replies":[{"embeddable":true,"href":"https:\/\/obscom.intervozes.org.br\/index.php?rest_route=%2Fwp%2Fv2%2Fcomments&post=23376"}],"version-history":[{"count":1,"href":"https:\/\/obscom.intervozes.org.br\/index.php?rest_route=\/wp\/v2\/posts\/23376\/revisions"}],"predecessor-version":[{"id":28042,"href":"https:\/\/obscom.intervozes.org.br\/index.php?rest_route=\/wp\/v2\/posts\/23376\/revisions\/28042"}],"wp:attachment":[{"href":"https:\/\/obscom.intervozes.org.br\/index.php?rest_route=%2Fwp%2Fv2%2Fmedia&parent=23376"}],"wp:term":[{"taxonomy":"category","embeddable":true,"href":"https:\/\/obscom.intervozes.org.br\/index.php?rest_route=%2Fwp%2Fv2%2Fcategories&post=23376"},{"taxonomy":"post_tag","embeddable":true,"href":"https:\/\/obscom.intervozes.org.br\/index.php?rest_route=%2Fwp%2Fv2%2Ftags&post=23376"}],"curies":[{"name":"wp","href":"https:\/\/api.w.org\/{rel}","templated":true}]}}