{"id":23372,"date":"2009-09-18T15:06:22","date_gmt":"2009-09-18T15:06:22","guid":{"rendered":"https:\/\/obscom.intervozes.org.br\/wordpress\/?p=23372"},"modified":"2009-09-18T15:06:22","modified_gmt":"2009-09-18T15:06:22","slug":"convocacao-de-etapas-estaduais-preocupa-comissao-organizadora","status":"publish","type":"post","link":"https:\/\/obscom.intervozes.org.br\/?p=23372","title":{"rendered":"Convoca\u00e7\u00e3o de etapas estaduais preocupa Comiss\u00e3o Organizadora"},"content":{"rendered":"<p> \t<!-- \t\t@page { margin: 2cm } \t\tP { margin-bottom: 0.21cm } \t--> \t <\/p>\n<p style=\"margin-bottom: 0cm\" class=\"padrao\">Encerrado o prazo para convoca&ccedil;&atilde;o das etapas estaduais da 1&ordf; Confer&ecirc;ncia Nacional de Comunica&ccedil;&atilde;o (Confecom) pelos governadores, apenas 15 das 27 unidades da federa&ccedil;&atilde;o garantiram a realiza&ccedil;&atilde;o das confer&ecirc;ncias estaduais. At&eacute; domingo, as Assembl&eacute;ias Legislativas poder&atilde;o convocar as etapas, que elegem os delegados de cada estado para a Confecom. O balan&ccedil;o feito durante a reuni&atilde;o da Comiss&atilde;o Organizadora Nacional (CON) da confer&ecirc;ncia, realizada ontem (17), preocupa, especialmente em rela&ccedil;&atilde;o &agrave; regi&atilde;o Norte e ao estado mais populoso do pa&iacute;s, S&atilde;o Paulo.<\/p>\n<p>Entre os estados do Norte, apenas o Par&aacute; convocou a confer&ecirc;ncia. Em S&atilde;o Paulo, a Secretaria de Comunica&ccedil;&atilde;o anunciou, no final da tarde, que o decreto convocat&oacute;rio ser&aacute; publicado pela Assembl&eacute;ia Legislativa at&eacute; s&aacute;bado. Mesmo assim, o estado que dever&aacute; eleger o maior n&uacute;mero de delgados &ndash; 180 no total &ndash; n&atilde;o tem ainda data marcada para sua confer&ecirc;ncia.<\/p>\n<p>&ldquo;Est&aacute; todo mundo preocupado em rela&ccedil;&atilde;o &agrave;s convoca&ccedil;&otilde;es. Em alguns lugares, talvez a CON tenha que entrar em cena, o que &eacute; compreens&iacute;vel devido ao prazo&rdquo;, disse Ot&aacute;vio Pierante, representante do Minist&eacute;rio da Cultura na comiss&atilde;o. Se nem o Executivo ou o Legislativo estadual convocarem a confer&ecirc;ncia local, a CON pode garantir a realiza&ccedil;&atilde;o da etapa eletiva, que deve ser realizada at&eacute; o dia 8 de novembro.<\/p>\n<p>Nos pr&oacute;ximos dias, a comiss&atilde;o deve acompanhar as convoca&ccedil;&otilde;es das confer&ecirc;ncias para ter, at&eacute; a pr&oacute;xima semana, um mapeamento mais apurado da situa&ccedil;&atilde;o dos estados. Mas para al&eacute;m da convoca&ccedil;&atilde;o em si, h&aacute; tamb&eacute;m a preocupa&ccedil;&atilde;o com rela&ccedil;&atilde;o aos recursos para realizar as etapas estaduais. Em alguns estados, a convoca&ccedil;&atilde;o tem sido adiada porque os governo afirmam que n&atilde;o t&ecirc;m como bancar as confer&ecirc;ncias.<\/p>\n<p>&ldquo;&Eacute; fundamental que a CON, amparada pelo Minist&eacute;rio das Comunica&ccedil;&otilde;es, garanta a realiza&ccedil;&atilde;o das estaduais, inclusive com recurso&rdquo;, defendeu Jonas Valente, representante do Intervozes &ndash; Coletivo Brasil de Comunica&ccedil;&atilde;o Social na comiss&atilde;o. Sem definir um grupo para realizar o trabalho de mapeamento, a indica&ccedil;&atilde;o da com foi enviar um documento oficial da comiss&atilde;o para saber quais governos convocaram ou n&atilde;o as etapas eletivas.<\/p>\n<p>&ldquo;Agora &eacute; trabalhar para que haja confer&ecirc;ncias em todos os estados&rdquo;, refor&ccedil;a Berenice Mendes, do F&oacute;rum Nacional pela Democratiza&ccedil;&atilde;o da Comunica&ccedil;&atilde;o (FNDC). <\/p>\n<p><strong>Outros detalhes<\/strong><\/p>\n<p>Na pr&oacute;xima semana, devem acontecer mais duas reuni&otilde;es da comiss&atilde;o. Devem ser tratados os pontos omissos do regimento e aqueles que ainda precisam ter interpreta&ccedil;&atilde;o acordada entre os membros da CON. Ficaram para a semana que vem a discuss&atilde;o sobre detalhes sobre o processo de vota&ccedil;&atilde;o, o credenciamento de delegados e como ser&atilde;o os grupos de trabalho nas estaduais e nacionais ainda devem ser resolvidos.<\/p>\n<p>Ontem, os membros da comiss&atilde;o tentaram resolver duas quest&otilde;es: a indica&ccedil;&atilde;o dos delegados natos e como se far&aacute; a divis&atilde;o de delegados por setor, considerando a previs&atilde;o do regimento de garantir uma propor&ccedil;&atilde;o de 40% para a sociedade civil n&atilde;o-empresarial, 40% para os empres&aacute;rios e 20% para o setor p&uacute;blico. Nos dois casos, n&atilde;o houve acordo e os temas dever&atilde;o ser retomados nas pr&oacute;ximas reuni&otilde;es.<\/p>\n<p>Em rela&ccedil;&atilde;o aos delegados natos, o impasse foi criado pelos empres&aacute;rios. O regimento estabeleceu que os membros da CON, incluindo os suplentes, ser&atilde;o considerados delegados natos. Com a sa&iacute;da de seis das oito entidades empresariais da comiss&atilde;o, o setor teria, ent&atilde;o, apenas 6 vagas, enquanto a sociedade civil n&atilde;o-empresarial, 21. <\/p>\n<p>Os representantes da Associa&ccedil;&atilde;o Brasileira de Radiodifusores (Abra, que representa os grupos Bandeirantes e RedeTV!) e a Telebrasil (entidade que representa o setor de telecomunica&ccedil;&otilde;es) propuseram a paridade entre os dois setores, o que n&atilde;o foi aceito. &ldquo;Eles alegam haver distor&ccedil;&atilde;o e por isso querem eleger 21 delegados natos tamb&eacute;m, mas esta foi uma situa&ccedil;&atilde;o que o setor criou para si mesmo&rdquo;, explica Jonas Valente.<\/p>\n<p>Nas etapas estaduais, definiu-se que os designados como delegados natos s&oacute; poder&atilde;o votar em sua pr&oacute;pria unidade da federa&ccedil;&atilde;o, n&atilde;o sendo considerados delegados natos &agrave; etapa nacional. &ldquo;A id&eacute;ia &eacute; que a CON n&atilde;o influencie na vota&ccedil;&atilde;o dos estados&rdquo;, entende Berenice Mendes.<\/p>\n<p>J&aacute; a aplica&ccedil;&atilde;o da propor&ccedil;&atilde;o 40\/40\/20 segue sem solu&ccedil;&atilde;o. A conta se torna complexa porque h&aacute; diversos detalhes em rela&ccedil;&atilde;o tanto &agrave; composi&ccedil;&atilde;o de cada setor (quem poder&aacute; ser considerado empres&aacute;rio, se o Legislativo e o Judici&aacute;rio ter&atilde;o vagas dentro dos 20% do setor p&uacute;blico e como ser&atilde;o acomodados os delegados indicados pelo governo federal), como em rela&ccedil;&atilde;o ao que fazer com vagas n&atilde;o preenchidas, seja porque alguns estados podem n&atilde;o realizar etapas eletivas, seja porque os setores podem n&atilde;o participar de algumas etapas na propor&ccedil;&atilde;o esperada. &ldquo;Precisamos do levantamento de onde os estados ou assembl&eacute;ias se manifestaram para resolvermos outras quest&otilde;es de ajuste mesmo, como esta&rdquo;, observou Ot&aacute;vio Pierante, do MinC.<\/p>\n","protected":false},"excerpt":{"rendered":"<p><span class=\"padrao\">Dos 27 estados, apenas 15 j&aacute; convocaram confer&ecirc;ncias; detalhes sobre o regimento, como indica&ccedil;&atilde;o dos delegados natos, ainda causam pol&ecirc;mica<\/span> <\/p>\n","protected":false},"author":1,"featured_media":0,"comment_status":"open","ping_status":"open","sticky":false,"template":"","format":"standard","meta":{"footnotes":""},"categories":[40],"tags":[1012],"_links":{"self":[{"href":"https:\/\/obscom.intervozes.org.br\/index.php?rest_route=\/wp\/v2\/posts\/23372"}],"collection":[{"href":"https:\/\/obscom.intervozes.org.br\/index.php?rest_route=\/wp\/v2\/posts"}],"about":[{"href":"https:\/\/obscom.intervozes.org.br\/index.php?rest_route=\/wp\/v2\/types\/post"}],"author":[{"embeddable":true,"href":"https:\/\/obscom.intervozes.org.br\/index.php?rest_route=\/wp\/v2\/users\/1"}],"replies":[{"embeddable":true,"href":"https:\/\/obscom.intervozes.org.br\/index.php?rest_route=%2Fwp%2Fv2%2Fcomments&post=23372"}],"version-history":[{"count":0,"href":"https:\/\/obscom.intervozes.org.br\/index.php?rest_route=\/wp\/v2\/posts\/23372\/revisions"}],"wp:attachment":[{"href":"https:\/\/obscom.intervozes.org.br\/index.php?rest_route=%2Fwp%2Fv2%2Fmedia&parent=23372"}],"wp:term":[{"taxonomy":"category","embeddable":true,"href":"https:\/\/obscom.intervozes.org.br\/index.php?rest_route=%2Fwp%2Fv2%2Fcategories&post=23372"},{"taxonomy":"post_tag","embeddable":true,"href":"https:\/\/obscom.intervozes.org.br\/index.php?rest_route=%2Fwp%2Fv2%2Ftags&post=23372"}],"curies":[{"name":"wp","href":"https:\/\/api.w.org\/{rel}","templated":true}]}}