{"id":23371,"date":"2009-09-17T17:13:04","date_gmt":"2009-09-17T17:13:04","guid":{"rendered":"https:\/\/obscom.intervozes.org.br\/wordpress\/?p=23371"},"modified":"2009-09-17T17:13:04","modified_gmt":"2009-09-17T17:13:04","slug":"costa-confirma-proibicao-a-anatel-de-fechar-emissoras-ilegais-sem-sua-autorizacao","status":"publish","type":"post","link":"https:\/\/obscom.intervozes.org.br\/?p=23371","title":{"rendered":"Costa confirma proibi\u00e7\u00e3o \u00e0 Anatel de fechar emissoras ilegais sem sua autoriza\u00e7\u00e3o"},"content":{"rendered":"<p> \t<!-- \t\t@page { margin: 2cm } \t\tP { margin-bottom: 0.21cm } \t--> \t <\/p>\n<p style=\"margin-bottom: 0cm\" class=\"padrao\">O ministro das Comunica&ccedil;&otilde;es, H&eacute;lio Costa, confirmou a proibi&ccedil;&atilde;o imposta &agrave; Anatel de interromper e lacrar qualquer emissora de r&aacute;dio e TV (seja comercial ou comunit&aacute;ria) que esteja atuando irregularmente, antes de ouvir o minist&eacute;rio. A decis&atilde;o foi divulgada com exclusividade pelo <em>Tele.S&iacute;ntese An&aacute;lise<\/em>, na &uacute;ltima sexta-feira.<\/p>\n<p>Segundo Costa, essa determina&ccedil;&atilde;o est&aacute; prevista no artigo 63 do C&oacute;digo Brasileiro de Radiodifus&atilde;o, que prev&ecirc; a necessidade da consulta ao antigo Contel (Conselho Nacional de Telecomunica&ccedil;&otilde;es), que j&aacute; foi extinto. No of&iacute;cio, enviado dia 29 de julho &agrave; ag&ecirc;ncia, ele alega que o Minist&eacute;rio das Comunica&ccedil;&otilde;es &eacute; o &oacute;rg&atilde;o sucessor do conselho.<\/p>\n<p>Al&eacute;m disso, argumenta que as outorgas para as emissoras s&atilde;o concedidas com aval do Minicom, do Congresso Nacional e da Presid&ecirc;ncia da Rep&uacute;blica o que, na opini&atilde;o dele, requer mais cuidado na aplica&ccedil;&atilde;o de puni&ccedil;&otilde;es que interfiram no funcionamento delas.<\/p>\n<p>A proibi&ccedil;&atilde;o de interromper e lacrar as emissoras vale para qualquer situa&ccedil;&atilde;o, sejam emissoras que interferem no espa&ccedil;o a&eacute;reo , no uso de equipamentos ou de instala&ccedil;&otilde;es fora das especifica&ccedil;&otilde;es t&eacute;cnicas ou equipamentos n&atilde;o licenciados.<\/p>\n<p>No entanto, a norma ressalta que &ldquo;poder&aacute; ser determinada a interrup&ccedil;&atilde;o do servi&ccedil;o pelo agente fiscalizador, &lsquo;ad-referendum&rsquo; do Contel. No dicion&aacute;rio, um ato administrativo &quot;ad referendum&quot; &eacute; aquele realizado por uma autoridade e que est&aacute; sujeito a confirma&ccedil;&atilde;o, ratifica&ccedil;&atilde;o de outra autoridade ou &oacute;rg&atilde;o colegiado. A decis&atilde;o do colegiado pode n&atilde;o aceitar a decis&atilde;o daquele que realizou inicialmente o ato. Por essa interpreta&ccedil;&atilde;o, a interrup&ccedil;&atilde;o do servi&ccedil;o pode ser feita no ato da fiscaliza&ccedil;&atilde;o e referendada ou n&atilde;o pelo Minicom.<\/p>\n<p><strong>Certifica&ccedil;&atilde;o<\/strong><\/p>\n<p>Outra determina&ccedil;&atilde;o inclu&iacute;da no of&iacute;cio &eacute; de que a ag&ecirc;ncia altere o Regulamento de Certifica&ccedil;&atilde;o e Homologa&ccedil;&atilde;o de Produtos para Telecomunica&ccedil;&otilde;es (Resolu&ccedil;&atilde;o 242\/2000), inserindo um par&aacute;grafo no artigo 54, destacando que o uso de equipamentos sem homologa&ccedil;&atilde;o pelas emissoras constar&aacute; de documento que ser&aacute; enviado ao Minicom, &ldquo;objetivando a ado&ccedil;&atilde;o das medidas legais cab&iacute;veis&rdquo;.<\/p>\n<p>O ministro H&eacute;lio Costa ressaltou que essas determina&ccedil;&otilde;es n&atilde;o valem para as emissoras piratas, que devem ser lacradas imediatamente pela fiscaliza&ccedil;&atilde;o. Ele n&atilde;o explicou por que tomou esta decis&atilde;o ap&oacute;s 11 anos de cria&ccedil;&atilde;o da ag&ecirc;ncia e no quarto ano da sua administra&ccedil;&atilde;o.<\/p>\n<p>O &oacute;rg&atilde;o que ficar&aacute; respons&aacute;vel pela an&aacute;lise das irregularidades encontradas pela fiscaliza&ccedil;&atilde;o da Anatel &eacute; o Departamento de Acompanhamento e Avalia&ccedil;&atilde;o de Servi&ccedil;os de Comunica&ccedil;&atilde;o Eletr&ocirc;nica (DEAA), do Minicom.<\/p>\n<p><strong>Legalidade?<\/strong><\/p>\n<p>Esta portaria do Minist&eacute;rio interfere diretamente na autonomia da ag&ecirc;ncia reguladora, que pela Lei Geral de Telecomunica&ccedil;&otilde;es, &eacute; quem tem o dever de fiscalizar o espectro radioel&eacute;trico.&nbsp;<\/p>\n","protected":false},"excerpt":{"rendered":"<p>O ministro das Comunica&ccedil;&otilde;es, H&eacute;lio Costa, confirmou a proibi&ccedil;&atilde;o imposta &agrave; Anatel de interromper e lacrar qualquer emissora de r&aacute;dio e TV (seja comercial ou comunit&aacute;ria) que esteja atuando irregularmente, antes de ouvir o minist&eacute;rio. A decis&atilde;o foi divulgada com exclusividade pelo Tele.S&iacute;ntese An&aacute;lise, na &uacute;ltima sexta-feira. Segundo Costa, essa determina&ccedil;&atilde;o est&aacute; prevista no artigo &hellip; <a href=\"https:\/\/obscom.intervozes.org.br\/?p=23371\" class=\"more-link\">Continue lendo <span class=\"screen-reader-text\">Costa confirma proibi\u00e7\u00e3o \u00e0 Anatel de fechar emissoras ilegais sem sua autoriza\u00e7\u00e3o<\/span> <span class=\"meta-nav\">&rarr;<\/span><\/a><\/p>\n","protected":false},"author":1,"featured_media":0,"comment_status":"open","ping_status":"open","sticky":false,"template":"","format":"standard","meta":{"footnotes":""},"categories":[40],"tags":[912],"_links":{"self":[{"href":"https:\/\/obscom.intervozes.org.br\/index.php?rest_route=\/wp\/v2\/posts\/23371"}],"collection":[{"href":"https:\/\/obscom.intervozes.org.br\/index.php?rest_route=\/wp\/v2\/posts"}],"about":[{"href":"https:\/\/obscom.intervozes.org.br\/index.php?rest_route=\/wp\/v2\/types\/post"}],"author":[{"embeddable":true,"href":"https:\/\/obscom.intervozes.org.br\/index.php?rest_route=\/wp\/v2\/users\/1"}],"replies":[{"embeddable":true,"href":"https:\/\/obscom.intervozes.org.br\/index.php?rest_route=%2Fwp%2Fv2%2Fcomments&post=23371"}],"version-history":[{"count":0,"href":"https:\/\/obscom.intervozes.org.br\/index.php?rest_route=\/wp\/v2\/posts\/23371\/revisions"}],"wp:attachment":[{"href":"https:\/\/obscom.intervozes.org.br\/index.php?rest_route=%2Fwp%2Fv2%2Fmedia&parent=23371"}],"wp:term":[{"taxonomy":"category","embeddable":true,"href":"https:\/\/obscom.intervozes.org.br\/index.php?rest_route=%2Fwp%2Fv2%2Fcategories&post=23371"},{"taxonomy":"post_tag","embeddable":true,"href":"https:\/\/obscom.intervozes.org.br\/index.php?rest_route=%2Fwp%2Fv2%2Ftags&post=23371"}],"curies":[{"name":"wp","href":"https:\/\/api.w.org\/{rel}","templated":true}]}}