{"id":23364,"date":"2009-09-16T19:49:50","date_gmt":"2009-09-16T19:49:50","guid":{"rendered":"https:\/\/obscom.intervozes.org.br\/wordpress\/?p=23364"},"modified":"2009-09-16T19:49:50","modified_gmt":"2009-09-16T19:49:50","slug":"deputados-boicotam-requerimento-de-audiencia-publica-sobre-renovacao-da-band-minas","status":"publish","type":"post","link":"https:\/\/obscom.intervozes.org.br\/?p=23364","title":{"rendered":"Deputados boicotam requerimento de audi\u00eancia p\u00fablica sobre renova\u00e7\u00e3o da Band Minas"},"content":{"rendered":"<p> \t<!-- \t\t@page { margin: 2cm } \t\tP { margin-bottom: 0.21cm } \t--> \t  <\/p>\n<p style=\"margin-bottom: 0cm\" class=\"padrao\">Um simples pedido para realiza&ccedil;&atilde;o de uma audi&ecirc;ncia p&uacute;blica para discutir a renova&ccedil;&atilde;o da concess&atilde;o de uma emissora de TV foi motivo para que os deputados federais contr&aacute;rios &agrave; proposta inviabilizassem a sess&atilde;o da Comiss&atilde;o de Ci&ecirc;ncia, Tecnologia, Comunica&ccedil;&atilde;o e Inform&aacute;tica (CCTCI) da C&acirc;mara desta quarta-feira (16). O requerimento foi apresentado pela deputada Luiza Erundina (PSB-SP) e pede a avalia&ccedil;&atilde;o da concess&atilde;o dada &agrave; empresa R&aacute;dio e Televis&atilde;o Bandeirantes de Minas Gerais para transmitir programa&ccedil;&atilde;o de TV em Belo Horizonte. Como n&atilde;o houve qu&oacute;rum para vota&ccedil;&atilde;o, a proposta passou para a pauta da pr&oacute;xima reuni&atilde;o da Comiss&atilde;o, na quarta-feira (23).<\/p>\n<p>Os deputados passaram mais de uma hora discutindo a aprova&ccedil;&atilde;o ou n&atilde;o do pedido. Como a renova&ccedil;&atilde;o da concess&atilde;o da emissora, que &eacute; uma afiliada da Rede Bandeirantes, est&aacute; na pauta da CCTCI, o requerimento prop&otilde;e a avalia&ccedil;&atilde;o dos impactos de tal emissora para a sociedade. O deputado Glauber Braga (PSB-RJ) disse que talvez tenha sido &ldquo;o requerimento que criou a maior pol&ecirc;mica&rdquo; desde sua entrada na comiss&atilde;o. <\/p>\n<p>A proposta da deputada Erundina &eacute; de fazer com que esse processo seja mais p&uacute;blico. &ldquo;&Eacute; para n&atilde;o dar um parecer no escuro&rdquo;, diz. O deputado Paulo Lustosa (PMDB-CE) admitiu a necessidade de se rever o tr&acirc;mite de autoriza&ccedil;&atilde;o das concess&otilde;es pelos parlamentares. &ldquo;N&oacute;s produzimos esses relat&oacute;rios, na maior parte das vezes, com muito poucas informa&ccedil;&otilde;es sobre os concession&aacute;rios&rdquo;, relata. <\/p>\n<p>A deputada lembrou que apesar do campo de batalha armado, &eacute; prerrogativa parlamentar requerer audi&ecirc;ncias. &ldquo;Nunca se questionou nessa comiss&atilde;o que se discuta a motiva&ccedil;&atilde;o de convocar uma audi&ecirc;ncia p&uacute;blica.&rdquo;<\/p>\n<p>O Ato Normativo n&ordm; 1, em vigor desde 2007, prev&ecirc; a realiza&ccedil;&atilde;o de audi&ecirc;ncias para tornar mais transparente o processo de avalia&ccedil;&atilde;o dos servi&ccedil;os das emissoras de r&aacute;dio e TV. Al&eacute;m disso, a argumenta&ccedil;&atilde;o da parlamentar levou em conta que a cabe&ccedil;a-de-rede da emissora de Minas Gerais est&aacute; com sua concess&atilde;o vencida h&aacute; dois anos e ainda n&atilde;o foi avaliada pelo Congresso. <\/p>\n<p>Por outro lado, seus argumentos n&atilde;o conseguiram sensibilizar seus colegas de Parlamento. Parte deles argumentou que n&atilde;o seria vi&aacute;vel a an&aacute;lise pormenorizada de todos os pedidos que chegam &agrave; comiss&atilde;o e que seria injusto escolher apenas alguns casos. A deputada Erundina admitiu a complexidade de tal a&ccedil;&atilde;o. Por isso, sua estrat&eacute;gia tem sido a de pedir audi&ecirc;ncias pelo menos das emissoras de maior peso e alcance no pa&iacute;s.<\/p>\n<p>O deputado catarinense Paulo Borhausen, do Democratas, chegou a fazer uma an&aacute;lise da conjuntura internacional para se opor ao requerimento. &ldquo;Passamos por um momento dif&iacute;cil na Am&eacute;rica Latina. Estamos vivendo acomoda&ccedil;&otilde;es em rela&ccedil;&atilde;o &agrave; liberdade de imprensa&rdquo;, disse ele na reuni&atilde;o da comiss&atilde;o, citando o governo da Venezuela em seu discurso. <\/p>\n<p><strong>Dossi&ecirc;<\/strong><\/p>\n<p>Se o impasse criado pelos deputados contr&aacute;rios &agrave; audi&ecirc;ncia p&uacute;blica for superado e a reuni&atilde;o acontecer, alguns fatos merecem ser resgatados. Em outubro de 2007, entidades sociais desenvolveram uma campanha por democracia e transpar&ecirc;ncia nos processos de concess&otilde;es de r&aacute;dio e TV. Elas produziram um dossi&ecirc; com informa&ccedil;&otilde;es importantes sobre algumas emissoras. A Band Minas foi citada no documento.<\/p>\n<p>&ldquo;Em mar&ccedil;o de 2003, ap&oacute;s investiga&ccedil;&atilde;o gerada a partir de representa&ccedil;&atilde;o veiculada pela TVBEM &ndash; Instituto de Defesa do Telespectador, de Belo Horizonte, o Minist&eacute;rio P&uacute;blico Federal em Belo Horizonte moveu A&ccedil;&atilde;o Civil P&uacute;blica contra a TV Bandeirantes&rdquo;, exp&otilde;e o documento. A emissora em quest&atilde;o tamb&eacute;m &eacute; lembrada no dossi&ecirc; por sua baixa produ&ccedil;&atilde;o regional, veiculando 14h30 (8,63% do total) de horas semanais de atra&ccedil;&otilde;es. <\/p>\n<p>O documento cita ainda que a Bandeirantes aluga sua programa&ccedil;&atilde;o de forma ilegal a terceiros. &ldquo;Ela repassa 7h30 para a Assembl&eacute;ia de Deus (5h30) e Igreja da Gra&ccedil;a de Deus (2h). Recentemente, o Canal 21, do grupo Bandeirantes, cuja outorga encontra-se em processo de renova&ccedil;&atilde;o desde 2003, arrendou 22 horas di&aacute;rias de sua programa&ccedil;&atilde;o &agrave; Igreja Mundial do Poder de Deus&rdquo;, constata o dossi&ecirc;.<\/p>\n","protected":false},"excerpt":{"rendered":"<p>Um simples pedido para realiza&ccedil;&atilde;o de uma audi&ecirc;ncia p&uacute;blica para discutir a renova&ccedil;&atilde;o da concess&atilde;o de uma emissora de TV foi motivo para que os deputados federais contr&aacute;rios &agrave; proposta inviabilizassem a sess&atilde;o da Comiss&atilde;o de Ci&ecirc;ncia, Tecnologia, Comunica&ccedil;&atilde;o e Inform&aacute;tica (CCTCI) da C&acirc;mara desta quarta-feira (16). O requerimento foi apresentado pela deputada Luiza Erundina &hellip; <a href=\"https:\/\/obscom.intervozes.org.br\/?p=23364\" class=\"more-link\">Continue lendo <span class=\"screen-reader-text\">Deputados boicotam requerimento de audi\u00eancia p\u00fablica sobre renova\u00e7\u00e3o da Band Minas<\/span> <span class=\"meta-nav\">&rarr;<\/span><\/a><\/p>\n","protected":false},"author":1,"featured_media":0,"comment_status":"open","ping_status":"open","sticky":false,"template":"","format":"standard","meta":{"footnotes":""},"categories":[40],"tags":[106],"_links":{"self":[{"href":"https:\/\/obscom.intervozes.org.br\/index.php?rest_route=\/wp\/v2\/posts\/23364"}],"collection":[{"href":"https:\/\/obscom.intervozes.org.br\/index.php?rest_route=\/wp\/v2\/posts"}],"about":[{"href":"https:\/\/obscom.intervozes.org.br\/index.php?rest_route=\/wp\/v2\/types\/post"}],"author":[{"embeddable":true,"href":"https:\/\/obscom.intervozes.org.br\/index.php?rest_route=\/wp\/v2\/users\/1"}],"replies":[{"embeddable":true,"href":"https:\/\/obscom.intervozes.org.br\/index.php?rest_route=%2Fwp%2Fv2%2Fcomments&post=23364"}],"version-history":[{"count":0,"href":"https:\/\/obscom.intervozes.org.br\/index.php?rest_route=\/wp\/v2\/posts\/23364\/revisions"}],"wp:attachment":[{"href":"https:\/\/obscom.intervozes.org.br\/index.php?rest_route=%2Fwp%2Fv2%2Fmedia&parent=23364"}],"wp:term":[{"taxonomy":"category","embeddable":true,"href":"https:\/\/obscom.intervozes.org.br\/index.php?rest_route=%2Fwp%2Fv2%2Fcategories&post=23364"},{"taxonomy":"post_tag","embeddable":true,"href":"https:\/\/obscom.intervozes.org.br\/index.php?rest_route=%2Fwp%2Fv2%2Ftags&post=23364"}],"curies":[{"name":"wp","href":"https:\/\/api.w.org\/{rel}","templated":true}]}}