{"id":23360,"date":"2009-09-16T12:07:54","date_gmt":"2009-09-16T12:07:54","guid":{"rendered":"https:\/\/obscom.intervozes.org.br\/wordpress\/?p=23360"},"modified":"2009-09-16T12:07:54","modified_gmt":"2009-09-16T12:07:54","slug":"lula-pede-a-ministerios-estudos-para-criacao-de-rede-publica","status":"publish","type":"post","link":"https:\/\/obscom.intervozes.org.br\/?p=23360","title":{"rendered":"Lula pede a minist\u00e9rios estudos para cria\u00e7\u00e3o de rede p\u00fablica"},"content":{"rendered":"<p> \t<!-- \t\t@page { margin: 2cm } \t\tP { margin-bottom: 0.21cm } \t--> \t <\/p>\n<p style=\"margin-bottom: 0cm\" class=\"padrao\"><a name=\"lblTexto\" title=\"lblTexto\"><\/a> \t<!-- \t\t@page { margin: 2cm } \t\tP { margin-bottom: 0.21cm } \t--> \t <\/p>\n<p style=\"margin-bottom: 0cm\" class=\"western\"><em>[T&iacute;tulo original:<a name=\"lblTitulo\" title=\"lblTitulo\"><\/a> Governo discute Plano de Banda Larga e define: ter&aacute; rede p&uacute;blica]<\/em>  <\/p>\n<p>O presidente Luiz In&aacute;cio Lula da Silva convocou v&aacute;rias autoridades nesta ter&ccedil;a-feira, 15, para discutir a cria&ccedil;&atilde;o de um Plano Nacional de Banda Larga. Participaram da reuni&atilde;o ministros de &aacute;reas diretamente ligadas &agrave; pol&iacute;ticas de inclus&atilde;o digital: H&eacute;lio Costa (Comunica&ccedil;&otilde;es), S&eacute;rgio Rezende (Ci&ecirc;ncia e Tecnologia), Fernando Haddad (Educa&ccedil;&atilde;o) e Paulo Bernardo (Planejamento). Autoridades como o presidente da Anatel [Ag&ecirc;ncia Nacional de Telecomunica&ccedil;&otilde;es], embaixador Ronaldo Sardenberg; o advogado-geral da Uni&atilde;o, Jos&eacute; Ant&ocirc;nio T&oacute;ffoli; e o presidente do Banco Nacional de Desenvolvimento Econ&ocirc;mico e Social (BNDES), Luciano Coutinho, tamb&eacute;m foram convidados. <\/p>\n<p>A principal conclus&atilde;o da reuni&atilde;o, que terminou por volta das 22 horas, &eacute; que o governo vai trabalhar para ter uma rede p&uacute;blica de banda larga. O presidente Lula pediu aos diferentes minist&eacute;rios envolvidos que apresentem estudos t&eacute;cnicos, jur&iacute;dicos e econ&ocirc;micos nos pr&oacute;ximos 45 a 60 dias. <\/p>\n<p>N&atilde;o foi batido o martelo sobre a reativa&ccedil;&atilde;o da Telebr&aacute;s para alcan&ccedil;ar esse objetivo, mas fica claro que a estatal est&aacute; no projeto, por uma raz&atilde;o simples: or&ccedil;amento. A Telebr&aacute;s j&aacute; tem cerca de R$ 280 milh&otilde;es em caixa que poder&atilde;o ser aplicados no projeto. Al&eacute;m disso, analisa-se o uso das redes de transmiss&atilde;o das empresas de energia (Chesf, Furnas e Eletronorte), al&eacute;m da rede da Petrobr&aacute;s. H&aacute; pequenos obst&aacute;culos jur&iacute;dicos para a viabiliza&ccedil;&atilde;o dessas redes para projetos do governo, mas que j&aacute; est&atilde;o sendo trabalhados. O acesso banda larga por meio da tecnologia PLC (via redes el&eacute;tricas) &eacute; uma possibilidade em estudo, cuja proposta deve ser apresentada pela Aneel. <\/p>\n<p>Tamb&eacute;m pode ser utilizada para acesso &agrave; essa rede banda larga a infraestrutura p&uacute;blica de TV digital, cujo edital para escolha do parceiro na PPP que far&aacute; a opera&ccedil;&atilde;o da rede ser&aacute; lan&ccedil;ado at&eacute; o final do ano, tamb&eacute;m deve ser inclu&iacute;da no projeto. <\/p>\n<p>A quest&atilde;o da Eletronet tamb&eacute;m foi discutida. A conclus&atilde;o &eacute; que essa &eacute; uma das possibilidades importantes, mas o presidente Lula mostrou-se especialmente irritado com as decis&otilde;es judiciais que amarram o uso deste ativo. Durante a reuni&atilde;o, decidiu-se que a Advocacia Geral da Uni&atilde;o dever&aacute; interceder para agilizar a libera&ccedil;&atilde;o definitiva desta infraestrutura ao governo. <\/p>\n<p><strong>Perenidade e unbundling <\/strong><\/p>\n<p>Existe uma grande preocupa&ccedil;&atilde;o do presidente Lula em tornar o projeto da rede p&uacute;blica de banda larga perene em rela&ccedil;&atilde;o &agrave; mudan&ccedil;a de governo em 2010. Para isso, o projeto deve ser inclu&iacute;do no or&ccedil;amento de 2011, decidido em 2010. <\/p>\n<p>O governo aproveitou o encontro para cobrar a Anatel em rela&ccedil;&atilde;o &agrave; regulamenta&ccedil;&atilde;o do unbundling e de uma pol&iacute;tica para uso compartilhado do backhaul que est&aacute; sendo constru&iacute;do pelas concession&aacute;rias. Tamb&eacute;m existe um certo desconforto do governo em rela&ccedil;&atilde;o &agrave; postura da ag&ecirc;ncia na defini&ccedil;&atilde;o da faixa de 2,5 GHz. O entendimento &eacute; que a Anatel est&aacute; extrapolando a fun&ccedil;&atilde;o t&eacute;cnica e tomando decis&otilde;es pol&iacute;ticas nesse caso. <\/p>\n<p>J&aacute; o Minist&eacute;rio das Comunica&ccedil;&otilde;es, que deveria ter apresentado o seu Plano Nacional de Banda Larga (anunciado no come&ccedil;o do m&ecirc;s), optou por fazer apresenta&ccedil;&atilde;o de dados estat&iacute;sticos. Rog&eacute;rio Santanna, do Minist&eacute;rio do Planejamento, e C&eacute;sar Alvarez, da presid&ecirc;ncia da Rep&uacute;blica, &eacute; que mostraram as propostas mais acabadas para o presidente, segundo relato de participantes da reuni&atilde;o.<\/p>\n<p>Outro aspecto importante que ficou claro ap&oacute;s o encontro &eacute; que o foco, agora, &eacute; a infraestrutura. O governo ainda n&atilde;o est&aacute; pensando em servi&ccedil;os, o que seria discutido depois. Talvez essa seja a raz&atilde;o de o Minicom n&atilde;o ter feito propostas concretas, pois, conforme apurou esse notici&aacute;rio, a maior preocupa&ccedil;&atilde;o do minist&eacute;rio &eacute; pensar em servi&ccedil;os que poder&atilde;o ser explorados pelo governo, deixando a infraestrutura para as empresas de telecomunica&ccedil;&otilde;es.<\/p>\n<p>&nbsp;<\/p>\n","protected":false},"excerpt":{"rendered":"<p>Esta foi a principal decis&atilde;o da reuni&atilde;o entre o presidente e os representantes dos minist&eacute;rios envolvidos com o Plano Nacional de Banda Larga<\/p>\n","protected":false},"author":1,"featured_media":0,"comment_status":"open","ping_status":"open","sticky":false,"template":"","format":"standard","meta":{"footnotes":""},"categories":[40],"tags":[545],"_links":{"self":[{"href":"https:\/\/obscom.intervozes.org.br\/index.php?rest_route=\/wp\/v2\/posts\/23360"}],"collection":[{"href":"https:\/\/obscom.intervozes.org.br\/index.php?rest_route=\/wp\/v2\/posts"}],"about":[{"href":"https:\/\/obscom.intervozes.org.br\/index.php?rest_route=\/wp\/v2\/types\/post"}],"author":[{"embeddable":true,"href":"https:\/\/obscom.intervozes.org.br\/index.php?rest_route=\/wp\/v2\/users\/1"}],"replies":[{"embeddable":true,"href":"https:\/\/obscom.intervozes.org.br\/index.php?rest_route=%2Fwp%2Fv2%2Fcomments&post=23360"}],"version-history":[{"count":0,"href":"https:\/\/obscom.intervozes.org.br\/index.php?rest_route=\/wp\/v2\/posts\/23360\/revisions"}],"wp:attachment":[{"href":"https:\/\/obscom.intervozes.org.br\/index.php?rest_route=%2Fwp%2Fv2%2Fmedia&parent=23360"}],"wp:term":[{"taxonomy":"category","embeddable":true,"href":"https:\/\/obscom.intervozes.org.br\/index.php?rest_route=%2Fwp%2Fv2%2Fcategories&post=23360"},{"taxonomy":"post_tag","embeddable":true,"href":"https:\/\/obscom.intervozes.org.br\/index.php?rest_route=%2Fwp%2Fv2%2Ftags&post=23360"}],"curies":[{"name":"wp","href":"https:\/\/api.w.org\/{rel}","templated":true}]}}