{"id":23353,"date":"2009-09-15T23:32:42","date_gmt":"2009-09-15T23:32:42","guid":{"rendered":"https:\/\/obscom.intervozes.org.br\/wordpress\/?p=23353"},"modified":"2009-09-15T23:32:42","modified_gmt":"2009-09-15T23:32:42","slug":"sbt-vai-a-brasilia-reclamar-de-invasao-evangelica-na-tv","status":"publish","type":"post","link":"https:\/\/obscom.intervozes.org.br\/?p=23353","title":{"rendered":"SBT vai a Bras\u00edlia reclamar de invas\u00e3o evang\u00e9lica na TV"},"content":{"rendered":"<p> \t<!-- \t\t@page { margin: 2cm } \t\tP { margin-bottom: 0.21cm } \t--> \t <\/p>\n<p style=\"margin-bottom: 0cm\" class=\"padrao\"><strong>Reproduzido da coluna Outro Canal, da Folha de S. Paulo<\/strong><\/p>\n<p>Diretor de rede do SBT, Guilherme Stoliar foi ontem a Bras&iacute;lia para reclamar ao ministro H&eacute;lio Costa, das Comunica&ccedil;&otilde;es, do avan&ccedil;o das igrejas, principalmente as evang&eacute;licas, sobre a programa&ccedil;&atilde;o das TVs.<\/p>\n<p>Stoliar levou ao ministro um levantamento de todas as emissoras compradas ou arrendadas (parcial ou totalmente) por igrejas recentemente. Nos &uacute;ltimos anos, o SBT perdeu afiliadas para a Record, controlada pela Igreja Universal. Neste ano, ficou sem sinal em Cuiab&aacute; (MT) porque sua afiliada migrou para a Band ap&oacute;s esta ter a sua parceira local arrendada para a mesma igreja que ocupa quase toda a grade da Rede 21 (do grupo Bandeirantes).<\/p>\n<p>O executivo do SBT quer saber do Minist&eacute;rio das Comunica&ccedil;&otilde;es se &eacute; legal ou ilegal o arrendamento de programa&ccedil;&otilde;es, parcial ou totalmente, por igrejas. H&aacute; um m&ecirc;s, em almo&ccedil;o com jornalistas, Stoliar afirmou que &quot;vender hor&aacute;rio na TV, seja para igreja ou para programa de vendas, &eacute; contra a lei&quot;, conforme registrou a coluna &quot;Ooops&quot;, do UOL.<\/p>\n<p>Stoliar se baseou no decreto 52.795\/1963, que disciplina as opera&ccedil;&otilde;es de r&aacute;dio e TV. O decreto afirma que as programa&ccedil;&otilde;es t&ecirc;m de ter &quot;finalidade educativa e cultural&quot; e que as emissoras n&atilde;o podem vender mais de 25% de seus espa&ccedil;os. Na Record, por exemplo, s&oacute; a Igreja Universal, em cinco horas di&aacute;rias, ocupa 21% do espa&ccedil;o.<\/p>\n<p>O Minist&eacute;rio das Comunica&ccedil;&otilde;es e a Band n&atilde;o comentaram o assunto. A Record afirmou n&atilde;o ter &quot;nada a dizer&quot;. A Rede TV!, que tamb&eacute;m vende hor&aacute;rios, disse que n&atilde;o existe &quot;impedimento legal&quot;. <em>(Daniel Castro)<\/em><\/p>\n","protected":false},"excerpt":{"rendered":"<p>Reproduzido da coluna Outro Canal, da Folha de S. Paulo Diretor de rede do SBT, Guilherme Stoliar foi ontem a Bras&iacute;lia para reclamar ao ministro H&eacute;lio Costa, das Comunica&ccedil;&otilde;es, do avan&ccedil;o das igrejas, principalmente as evang&eacute;licas, sobre a programa&ccedil;&atilde;o das TVs. Stoliar levou ao ministro um levantamento de todas as emissoras compradas ou arrendadas (parcial &hellip; <a href=\"https:\/\/obscom.intervozes.org.br\/?p=23353\" class=\"more-link\">Continue lendo <span class=\"screen-reader-text\">SBT vai a Bras\u00edlia reclamar de invas\u00e3o evang\u00e9lica na TV<\/span> <span class=\"meta-nav\">&rarr;<\/span><\/a><\/p>\n","protected":false},"author":1,"featured_media":0,"comment_status":"open","ping_status":"open","sticky":false,"template":"","format":"standard","meta":{"footnotes":""},"categories":[39],"tags":[],"_links":{"self":[{"href":"https:\/\/obscom.intervozes.org.br\/index.php?rest_route=\/wp\/v2\/posts\/23353"}],"collection":[{"href":"https:\/\/obscom.intervozes.org.br\/index.php?rest_route=\/wp\/v2\/posts"}],"about":[{"href":"https:\/\/obscom.intervozes.org.br\/index.php?rest_route=\/wp\/v2\/types\/post"}],"author":[{"embeddable":true,"href":"https:\/\/obscom.intervozes.org.br\/index.php?rest_route=\/wp\/v2\/users\/1"}],"replies":[{"embeddable":true,"href":"https:\/\/obscom.intervozes.org.br\/index.php?rest_route=%2Fwp%2Fv2%2Fcomments&post=23353"}],"version-history":[{"count":0,"href":"https:\/\/obscom.intervozes.org.br\/index.php?rest_route=\/wp\/v2\/posts\/23353\/revisions"}],"wp:attachment":[{"href":"https:\/\/obscom.intervozes.org.br\/index.php?rest_route=%2Fwp%2Fv2%2Fmedia&parent=23353"}],"wp:term":[{"taxonomy":"category","embeddable":true,"href":"https:\/\/obscom.intervozes.org.br\/index.php?rest_route=%2Fwp%2Fv2%2Fcategories&post=23353"},{"taxonomy":"post_tag","embeddable":true,"href":"https:\/\/obscom.intervozes.org.br\/index.php?rest_route=%2Fwp%2Fv2%2Ftags&post=23353"}],"curies":[{"name":"wp","href":"https:\/\/api.w.org\/{rel}","templated":true}]}}