{"id":23350,"date":"2009-09-15T11:51:29","date_gmt":"2009-09-15T11:51:29","guid":{"rendered":"https:\/\/obscom.intervozes.org.br\/wordpress\/?p=23350"},"modified":"2009-09-15T11:51:29","modified_gmt":"2009-09-15T11:51:29","slug":"parana-realiza-conferencia-livre-no-sudoeste-do-estado-e-aprova-resolucoes","status":"publish","type":"post","link":"https:\/\/obscom.intervozes.org.br\/?p=23350","title":{"rendered":"Paran\u00e1 realiza Confer\u00eancia Livre no Sudoeste do estado e aprova resolu\u00e7\u00f5es"},"content":{"rendered":"<p> \t<!-- \t\t@page { margin: 2cm } \t\tP { margin-bottom: 0.21cm } \t--> \t   <\/p>\n<p style=\"margin-bottom: 0cm\" class=\"padrao\">No &uacute;ltimo dia 11 de setembro (sexta-feira), aconteceu a primeira confer&ecirc;ncia Livre de Comunica&ccedil;&atilde;o do Sudoeste do Paran&aacute;, no munic&iacute;pio de Francisco Beltr&atilde;o. A confer&ecirc;ncia contou com a participa&ccedil;&atilde;o do poder p&uacute;blico municipal e estadual, por empres&aacute;rios da comunica&ccedil;&atilde;o local e diversos movimentos sociais e sindicais de 13 cidades da regi&atilde;o.<\/p>\n<p>O evento for presidido por Pedro Ferreira de Almeida e secretariado por Valtenor Hang e teve as delibera&ccedil;&otilde;es aprovadas por unanimidade pela I Confer&ecirc;ncia Livre de Comunica&ccedil;&atilde;o do Sudoeste do Paran&aacute;:<\/p>\n<p>1. Pela realiza&ccedil;&atilde;o de audi&ecirc;ncias p&uacute;blicas nos processos de renova&ccedil;&atilde;o de concess&otilde;es de r&aacute;dio e TV;<\/p>\n<p>2. Pela auditoria imediata nas concess&otilde;es de r&aacute;dio e TV em todo o Brasil;<\/p>\n<p>3. Que a distribui&ccedil;&atilde;o das concess&otilde;es de r&aacute;dio e TV seja feita pelos Conselhos Nacional, Estadual e Municipal de Comunica&ccedil;&atilde;o;<\/p>\n<p>4. Regulamentar e implantar os conselhos Municipais, Estaduais e Nacional de Comunica&ccedil;&atilde;o, garantindo a participa&ccedil;&atilde;o democr&aacute;tica e representativa dos diversos segmentos sociais e territoriais, com fundos pr&oacute;prios e car&aacute;ter deliberativo e fiscalizador;<\/p>\n<p>5. Pela regulamenta&ccedil;&atilde;o pelo congresso nacional do art. 221 da CF garantindo um percentual m&iacute;nimo de 30% de produ&ccedil;&atilde;o regional editado, produzido, realizado, veiculado e distribuido pela comunidade contemplando os diversos segmentos, etnico racial, de genero, cultura e religi&atilde;o;<\/p>\n<p>6. Est&iacute;mulo e garantia da concess&atilde;o TVs comunit&aacute;rias em canal aberto;<\/p>\n<p>7. Promo&ccedil;&atilde;o pelo poder p&uacute;blico municipal, estadual e federal de oficinas e debates nas escolas, nos bairros e nos movimentos sociais sobre novas tecnologias, comunica&ccedil;&atilde;o escrita, radiof&ocirc;nica e audiovisual;<\/p>\n<p>8. Cria&ccedil;&atilde;o de centros p&uacute;blicos pelos Munic&iacute;pios, Estados e Uni&atilde;o com estrutura de computador e internet, radiof&ocirc;nicos e audiovisual que beneficiem toda a popula&ccedil;&atilde;o;<\/p>\n<p>9. Alterar a pol&iacute;tica de investimento da verba governamental na &aacute;rea de comunica&ccedil;&atilde;o, assegurando a publiciza&ccedil;&atilde;o, por meio de projeto de lei(se necess&aacute;rio) amplamente debatido pela sociedade, estabelecendo crit&eacute;rios de investimento que levem em considera&ccedil;&atilde;o a produ&ccedil;&atilde;o regionalizada, informativa, educacional, cultural e que n&atilde;o inflijam os direitos humanos;<\/p>\n<p>10. Pela liberdade da rede, contra o vigilantismo na internet;<\/p>\n<p>11. Pelo veto do Governador Roberto Requi&atilde;o ao Projeto de Lei do Deputado Ney Leprevost e deputado Marcelo Rangel 53\/09 que prev&ecirc; a fiscaliza&ccedil;&atilde;o de Lan houses, e pela n&atilde;o aprova&ccedil;&atilde;o do PL do Senador Eduardo Azeredo.<\/p>\n<p>12. Pela reformula&ccedil;&atilde;o da atual lei de radiodifus&atilde;o comunit&aacute;ria para uma nova legisla&ccedil;&atilde;o que desburocratize os tramites legais e democratizem o acesso, com a participa&ccedil;&atilde;o ativa e efetiva da comunidade, garantindo as autoriza&ccedil;&otilde;es de r&aacute;dios comunit&aacute;rias em comunidades tradicionais (quilombolas, ind&iacute;genas, ribeirinhos e outros);<\/p>\n<p>13. Controle p&uacute;blico na implanta&ccedil;&atilde;o das antenas de telefonia;<\/p>\n<p>14. Pelo fortalecimento da TV Brasil, com a implementa&ccedil;&atilde;o de um conselho eleito pela popula&ccedil;&atilde;o a partir de amplo debate popular, garantindo a participa&ccedil;&atilde;o social na gest&atilde;o e na programa&ccedil;&atilde;o, assegurando a autonomia do seu financiamento de forma que sua independ&ecirc;ncia editorial seja respeitada, incorporando conte&uacute;do produzido de maneira diversa e independente, assegurando a todos os territ&oacute;rios n&uacute;cleos de gest&atilde;o, produ&ccedil;&atilde;o e circula&ccedil;&atilde;o p&uacute;blica, com &ecirc;nfase na programa&ccedil;&atilde;o cultural territorial;<\/p>\n<p>15. Est&iacute;mulo ao uso de software livre em todas as institui&ccedil;&otilde;es p&uacute;blicas;<\/p>\n<p>16. Suspender o processo de decis&atilde;o sobre o sistema de r&aacute;dio digital. Que haja um amplo debate com a sociedade. Pelo investimento em tecnologia brasileira para o r&aacute;dio;<\/p>\n<p>17. Cria&ccedil;&atilde;o de rede de R&aacute;dios e Tvs Comunit&aacute;rias Regionais em conjunto com Conselhos Comunit&aacute;rios Regionais composto por membros dos Conselhos Comunit&aacute;rios Municipais;<br \/>1. Capacita&ccedil;&atilde;o dos mun&iacute;cipes para opera&ccedil;&atilde;o e manuten&ccedil;&atilde;o das redes acima;<br \/>2. Fundo Nacional para viabilizar a capacita&ccedil;&atilde;o dos mun&iacute;cipes;<\/p>\n<p>18. Pela manuten&ccedil;&atilde;o da liberdade para cria&ccedil;&atilde;o e opera&ccedil;&atilde;o de web-r&aacute;dios e web-TVs;<\/p>\n<p>19. Implementar ou ampliar(para os que j&aacute; existem) pr&aacute;ticas de m&iacute;dia-educa&ccedil;&atilde;o nos ensinos fundamental e m&eacute;dio com leitura cr&iacute;tica da m&iacute;dia, equipar as salas de aula com equipamentos audiovisuais e conex&atilde;o com a internet, al&eacute;m de promover a capacita&ccedil;&atilde;o dos professores para a m&iacute;dia educa&ccedil;&atilde;o;<\/p>\n<p>20. Por uma pol&iacute;tica de incentivo para a aquisi&ccedil;&atilde;o dos equipamentos tecnol&oacute;gicos e de forma&ccedil;&atilde;o para os educadores brasileiros;<\/p>\n<p>21. Para os munic&iacute;pios que possuem verba de publicidade, destinar parte desses recursos para a comunica&ccedil;&atilde;o comunit&aacute;ria. E par aos munic&iacute;pios que n&atilde;o possuem verba de publicidade municipal, incluir no or&ccedil;amento a previs&atilde;o desse custo com a cota para as m&iacute;dias comunit&aacute;rias.<\/p>\n<p>22. Cria&ccedil;&atilde;o de pontos de inclus&atilde;o digital em todos os munic&iacute;pios;<\/p>\n<p>23. Prioridade para a extens&atilde;o do projeto de Internet banda larga gratuita nas cidades e no campo;<\/p>\n<p>24. Pela reestrutura&ccedil;&atilde;o e flexibiliza&ccedil;&atilde;o da pol&iacute;tica de direitos autorais vigente no pa&iacute;s, al&eacute;m da isen&ccedil;&atilde;o do pagamento de direitos autorais para ve&iacute;culos comunit&aacute;rios;<\/p>\n<p>25. Pela amplia&ccedil;&atilde;o do acesso as pol&iacute;ticas de acessibilidade para portadores de defici&ecirc;ncias;<\/p>\n<p>26. Para que que sejam implementados nas as redes p&uacute;blicas de comunica&ccedil;&atilde;o conselhos eleitos pela popula&ccedil;&atilde;o a partir de amplo debate popular, garantindo a participa&ccedil;&atilde;o social na gest&atilde;o e na programa&ccedil;&atilde;o, assegurando a autonomia do seu financiamento de forma que sua independ&ecirc;ncia editorial seja respeitada, incorporando conte&uacute;do produzido de maneira diversa e independente, assegurando a todos os territ&oacute;rios n&uacute;cleos de gest&atilde;o, produ&ccedil;&atilde;o e circula&ccedil;&atilde;o p&uacute;blica, com &ecirc;nfase na programa&ccedil;&atilde;o cultural territorial;<\/p>\n<p>27. Implantar pol&iacute;ticas p&uacute;blicas que estimulem a veicula&ccedil;&atilde;o em todos os meios de comunica&ccedil;&atilde;o, de aulas, programas e campanhas voltadas para o combate ao analfabetismo, ao racismo, a homofobia, discrimina&ccedil;&atilde;o de g&ecirc;nero, intoler&acirc;ncia religiosa e todas as formas de discrimina&ccedil;&atilde;o transcendendo a institui&ccedil;&atilde;o escolar voltadas para a diversidade cultural.<\/p>\n<p>28. Garantia nas grades das r&aacute;dios e TVs de programas educativos, culturais e regionais em hor&aacute;rios nobres.<\/p>\n","protected":false},"excerpt":{"rendered":"<p>No &uacute;ltimo dia 11 de setembro (sexta-feira), aconteceu a primeira confer&ecirc;ncia Livre de Comunica&ccedil;&atilde;o do Sudoeste do Paran&aacute;, no munic&iacute;pio de Francisco Beltr&atilde;o. A confer&ecirc;ncia contou com a participa&ccedil;&atilde;o do poder p&uacute;blico municipal e estadual, por empres&aacute;rios da comunica&ccedil;&atilde;o local e diversos movimentos sociais e sindicais de 13 cidades da regi&atilde;o. O evento for presidido &hellip; <a href=\"https:\/\/obscom.intervozes.org.br\/?p=23350\" class=\"more-link\">Continue lendo <span class=\"screen-reader-text\">Paran\u00e1 realiza Confer\u00eancia Livre no Sudoeste do estado e aprova resolu\u00e7\u00f5es<\/span> <span class=\"meta-nav\">&rarr;<\/span><\/a><\/p>\n","protected":false},"author":1,"featured_media":0,"comment_status":"open","ping_status":"open","sticky":false,"template":"","format":"standard","meta":{"footnotes":""},"categories":[40],"tags":[1112],"_links":{"self":[{"href":"https:\/\/obscom.intervozes.org.br\/index.php?rest_route=\/wp\/v2\/posts\/23350"}],"collection":[{"href":"https:\/\/obscom.intervozes.org.br\/index.php?rest_route=\/wp\/v2\/posts"}],"about":[{"href":"https:\/\/obscom.intervozes.org.br\/index.php?rest_route=\/wp\/v2\/types\/post"}],"author":[{"embeddable":true,"href":"https:\/\/obscom.intervozes.org.br\/index.php?rest_route=\/wp\/v2\/users\/1"}],"replies":[{"embeddable":true,"href":"https:\/\/obscom.intervozes.org.br\/index.php?rest_route=%2Fwp%2Fv2%2Fcomments&post=23350"}],"version-history":[{"count":0,"href":"https:\/\/obscom.intervozes.org.br\/index.php?rest_route=\/wp\/v2\/posts\/23350\/revisions"}],"wp:attachment":[{"href":"https:\/\/obscom.intervozes.org.br\/index.php?rest_route=%2Fwp%2Fv2%2Fmedia&parent=23350"}],"wp:term":[{"taxonomy":"category","embeddable":true,"href":"https:\/\/obscom.intervozes.org.br\/index.php?rest_route=%2Fwp%2Fv2%2Fcategories&post=23350"},{"taxonomy":"post_tag","embeddable":true,"href":"https:\/\/obscom.intervozes.org.br\/index.php?rest_route=%2Fwp%2Fv2%2Ftags&post=23350"}],"curies":[{"name":"wp","href":"https:\/\/api.w.org\/{rel}","templated":true}]}}