{"id":23348,"date":"2009-09-14T18:23:20","date_gmt":"2009-09-14T18:23:20","guid":{"rendered":"https:\/\/obscom.intervozes.org.br\/wordpress\/?p=23348"},"modified":"2009-09-14T18:23:20","modified_gmt":"2009-09-14T18:23:20","slug":"publicada-resolucao-que-define-temario-e-metodologia-da-confecom","status":"publish","type":"post","link":"https:\/\/obscom.intervozes.org.br\/?p=23348","title":{"rendered":"Publicada resolu\u00e7\u00e3o que define tem\u00e1rio e metodologia da Confecom"},"content":{"rendered":"<p>Foi publicada hoje (14) no Di&aacute;rio Oficial da Uni&atilde;o a Resolu&ccedil;&atilde;o N&ordm; 1 da Comiss&atilde;o Organizadora Nacional da Confer&ecirc;ncia Nacional de Comunica&ccedil;&atilde;o (Confecom) que detalha o tem&aacute;rio e estabelece a metodologia do processo. Com isso, est&atilde;o dadas todas as condi&ccedil;&otilde;es para que sejam realizadas as etapas municipais, regionais e estaduais, que elegem os delegados e definem as propostas que ser&atilde;o aprecidadas durante a etapa nacional.<\/p>\n<p>O prazo para publica&ccedil;&atilde;o dos decretos do Executivo que convocam as confer&ecirc;ncias estaduais termina amanh&atilde; (15). Ap&oacute;s este prazo, as etapas podem ser convocadas pelas Assembl&eacute;ias Legislativas.<\/p>\n<p><a href=\"http:\/\/www.in.gov.br\/imprensa\/visualiza\/index.jsp?jornal=1&amp;pagina=44&amp;data=14\/09\/2009\" target=\"_blank\">Veja aqui a &iacute;ntegra da Resolu&ccedil;&atilde;o N&ordm; 1.<\/a> <\/p>\n","protected":false},"excerpt":{"rendered":"<p>Foi publicada hoje (14) no Di&aacute;rio Oficial da Uni&atilde;o a Resolu&ccedil;&atilde;o N&ordm; 1 da Comiss&atilde;o Organizadora Nacional da Confer&ecirc;ncia Nacional de Comunica&ccedil;&atilde;o (Confecom) que detalha o tem&aacute;rio e estabelece a metodologia do processo. Com isso, est&atilde;o dadas todas as condi&ccedil;&otilde;es para que sejam realizadas as etapas municipais, regionais e estaduais, que elegem os delegados e &hellip; <a href=\"https:\/\/obscom.intervozes.org.br\/?p=23348\" class=\"more-link\">Continue lendo <span class=\"screen-reader-text\">Publicada resolu\u00e7\u00e3o que define tem\u00e1rio e metodologia da Confecom<\/span> <span class=\"meta-nav\">&rarr;<\/span><\/a><\/p>\n","protected":false},"author":1,"featured_media":0,"comment_status":"open","ping_status":"open","sticky":false,"template":"","format":"standard","meta":{"footnotes":""},"categories":[39],"tags":[],"_links":{"self":[{"href":"https:\/\/obscom.intervozes.org.br\/index.php?rest_route=\/wp\/v2\/posts\/23348"}],"collection":[{"href":"https:\/\/obscom.intervozes.org.br\/index.php?rest_route=\/wp\/v2\/posts"}],"about":[{"href":"https:\/\/obscom.intervozes.org.br\/index.php?rest_route=\/wp\/v2\/types\/post"}],"author":[{"embeddable":true,"href":"https:\/\/obscom.intervozes.org.br\/index.php?rest_route=\/wp\/v2\/users\/1"}],"replies":[{"embeddable":true,"href":"https:\/\/obscom.intervozes.org.br\/index.php?rest_route=%2Fwp%2Fv2%2Fcomments&post=23348"}],"version-history":[{"count":0,"href":"https:\/\/obscom.intervozes.org.br\/index.php?rest_route=\/wp\/v2\/posts\/23348\/revisions"}],"wp:attachment":[{"href":"https:\/\/obscom.intervozes.org.br\/index.php?rest_route=%2Fwp%2Fv2%2Fmedia&parent=23348"}],"wp:term":[{"taxonomy":"category","embeddable":true,"href":"https:\/\/obscom.intervozes.org.br\/index.php?rest_route=%2Fwp%2Fv2%2Fcategories&post=23348"},{"taxonomy":"post_tag","embeddable":true,"href":"https:\/\/obscom.intervozes.org.br\/index.php?rest_route=%2Fwp%2Fv2%2Ftags&post=23348"}],"curies":[{"name":"wp","href":"https:\/\/api.w.org\/{rel}","templated":true}]}}