{"id":23347,"date":"2009-09-14T18:13:35","date_gmt":"2009-09-14T18:13:35","guid":{"rendered":"https:\/\/obscom.intervozes.org.br\/wordpress\/?p=23347"},"modified":"2009-09-14T18:13:35","modified_gmt":"2009-09-14T18:13:35","slug":"recife-recebe-a-i-conferencia-livre-de-comunicacao-para-a-cultura","status":"publish","type":"post","link":"https:\/\/obscom.intervozes.org.br\/?p=23347","title":{"rendered":"Recife recebe a I Confer\u00eancia Livre de Comunica\u00e7\u00e3o para a Cultura"},"content":{"rendered":"<p>   \t \t \t \t \t<!-- \t\t@page { margin: 2cm } \t\tP { margin-bottom: 0.21cm } \t--> \t     <\/p>\n<p style=\"margin-bottom: 0cm\" class=\"padrao\">De 24 a 27 de setembro, a capital pernambucana discute a Comunica&ccedil;&atilde;o como direito Liberdade de express&atilde;o, soberania, inclus&atilde;o cultural e digital, diversidade e identidades. Estas s&atilde;o somente algumas das quest&otilde;es a serem debatidas nos quatro dias da I Confer&ecirc;ncia Livre de Comunica&ccedil;&atilde;o para a Cultura que acontece de 24 a 27 de setembro em Recife-PE. A realiza&ccedil;&atilde;o &eacute; do Minist&eacute;rio da Cultura, da Secretaria de Cidadania Cultural e Representa&ccedil;&atilde;o Regional Nordeste UFPE &#8211; Universidade Federal de Pernambuco, e &eacute; voltada &agrave; participa&ccedil;&atilde;o de Pontos de Cultura (conveniados com o MinC at&eacute; 2007), com atua&ccedil;&atilde;o nas &aacute;reas afins Audiovisual, Comunica&ccedil;&atilde;o e Cultura Digital, Pont&otilde;es de Cultura e Pontos de M&iacute;dia Livre nas confer&ecirc;ncias estaduais.<\/p>\n<p>Esta primeira edi&ccedil;&atilde;o do evento vai anteceder a realiza&ccedil;&atilde;o da I Confer&ecirc;ncia Nacional de Comunica&ccedil;&atilde;o (I Confecom) e da II Confer&ecirc;ncia Nacional de Cultura (II CNC) &#8211; programadas, respectivamente, para dezembro de 2009 e mar&ccedil;o de 2010. Ambas t&ecirc;m como objetivo, a discuss&atilde;o da comunica&ccedil;&atilde;o como direito, especialmente no que incide sobre quest&otilde;es como soberania, liberdade de express&atilde;o, inclus&atilde;o cultural e digital, diversidade e identidades culturais, sustentabilidade das cadeias produtivas e economia criativa, converg&ecirc;ncia tecnol&oacute;gica e legisla&ccedil;&atilde;o, regionaliza&ccedil;&atilde;o da produ&ccedil;&atilde;o, dentre outros t&oacute;picos relevantes. Ou seja, neste momento, as duas confer&ecirc;ncias s&atilde;o bastante complementares.<\/p>\n<p>Este encontro nacional tamb&eacute;m se prop&otilde;e a &lsquo;aproximar as pontas&rsquo; das diversas redes de comunica&ccedil;&atilde;o para a cultura hoje em atua&ccedil;&atilde;o no Brasil, capazes de agregar discuss&atilde;o de temas relevantes sobre pol&iacute;ticas p&uacute;blicas para a cultura, democracia e desenvolvimento sustent&aacute;vel com a produ&ccedil;&atilde;o de conte&uacute;do de Pontos e Pont&otilde;es de Cultura.<\/p>\n<p>Ao longo dos quatro dias ser&atilde;o realizadas confer&ecirc;ncias, grupos de trabalho espec&iacute;ficos e gerais e, ao final, uma plen&aacute;ria com o prop&oacute;sito de fechar uma carta de propostas da I Confer&ecirc;ncia Livre de Comunica&ccedil;&atilde;o para a Cultura, com o objetivo de lev&aacute;-la &agrave;s confer&ecirc;ncias nacionais.<\/p>\n<p style=\"margin-bottom: 0cm\" class=\"western\"> <\/p>\n","protected":false},"excerpt":{"rendered":"<p>De 24 a 27 de setembro, a capital pernambucana discute a Comunica&ccedil;&atilde;o como direito Liberdade de express&atilde;o, soberania, inclus&atilde;o cultural e digital, diversidade e identidades. Estas s&atilde;o somente algumas das quest&otilde;es a serem debatidas nos quatro dias da I Confer&ecirc;ncia Livre de Comunica&ccedil;&atilde;o para a Cultura que acontece de 24 a 27 de setembro em &hellip; <a href=\"https:\/\/obscom.intervozes.org.br\/?p=23347\" class=\"more-link\">Continue lendo <span class=\"screen-reader-text\">Recife recebe a I Confer\u00eancia Livre de Comunica\u00e7\u00e3o para a Cultura<\/span> <span class=\"meta-nav\">&rarr;<\/span><\/a><\/p>\n","protected":false},"author":1,"featured_media":0,"comment_status":"open","ping_status":"open","sticky":false,"template":"","format":"standard","meta":{"footnotes":""},"categories":[40],"tags":[1012],"_links":{"self":[{"href":"https:\/\/obscom.intervozes.org.br\/index.php?rest_route=\/wp\/v2\/posts\/23347"}],"collection":[{"href":"https:\/\/obscom.intervozes.org.br\/index.php?rest_route=\/wp\/v2\/posts"}],"about":[{"href":"https:\/\/obscom.intervozes.org.br\/index.php?rest_route=\/wp\/v2\/types\/post"}],"author":[{"embeddable":true,"href":"https:\/\/obscom.intervozes.org.br\/index.php?rest_route=\/wp\/v2\/users\/1"}],"replies":[{"embeddable":true,"href":"https:\/\/obscom.intervozes.org.br\/index.php?rest_route=%2Fwp%2Fv2%2Fcomments&post=23347"}],"version-history":[{"count":0,"href":"https:\/\/obscom.intervozes.org.br\/index.php?rest_route=\/wp\/v2\/posts\/23347\/revisions"}],"wp:attachment":[{"href":"https:\/\/obscom.intervozes.org.br\/index.php?rest_route=%2Fwp%2Fv2%2Fmedia&parent=23347"}],"wp:term":[{"taxonomy":"category","embeddable":true,"href":"https:\/\/obscom.intervozes.org.br\/index.php?rest_route=%2Fwp%2Fv2%2Fcategories&post=23347"},{"taxonomy":"post_tag","embeddable":true,"href":"https:\/\/obscom.intervozes.org.br\/index.php?rest_route=%2Fwp%2Fv2%2Ftags&post=23347"}],"curies":[{"name":"wp","href":"https:\/\/api.w.org\/{rel}","templated":true}]}}