{"id":23344,"date":"2009-09-11T17:07:24","date_gmt":"2009-09-11T17:07:24","guid":{"rendered":"https:\/\/obscom.intervozes.org.br\/wordpress\/?p=23344"},"modified":"2009-09-11T17:07:24","modified_gmt":"2009-09-11T17:07:24","slug":"justica-mantem-bloqueio-das-acoes-da-intelig-mas-libera-transacao-com-a-tim","status":"publish","type":"post","link":"https:\/\/obscom.intervozes.org.br\/?p=23344","title":{"rendered":"Justi\u00e7a mant\u00e9m bloqueio das a\u00e7\u00f5es da Intelig, mas libera transa\u00e7\u00e3o com a TIM"},"content":{"rendered":"<p>   \t \t \t \t \t<!-- \t\t@page { margin: 2cm } \t\tP { margin-bottom: 0.21cm } \t--> \t  <\/p>\n<p style=\"margin-bottom: 0cm\" class=\"padrao\">Em mais uma decis&atilde;o, a Justi&ccedil;a do Trabalho manteve o bloqueio das a&ccedil;&otilde;es da Intelig em favor do pagamento de d&iacute;vidas trabalhistas da Gazeta Mercantil, mas o corregedor-geral, ministro Carlos Alberto Reis de Paula, autorizou a conclus&atilde;o da opera&ccedil;&atilde;o de troca de a&ccedil;&otilde;es negociada com a TIM. &lsquo;No mundo do trabalho, deve-se ponderar valores que busquem equil&iacute;brio entre a iniciativa empresarial com os direitos trabalhistas&rdquo;, ponderou o magistrado.<\/p>\n<p>Na mesma decis&atilde;o, o ministro suspendeu o bloqueio da conta da Holdco Participa&ccedil;&otilde;es, empresa propriet&aacute;ria da Gazeta Mercantil e da Intelig, que tinha R$ 200 milh&otilde;es bloqueados por conta da mesma d&iacute;vida. Em seu parecer, o ministro acatou a argumenta&ccedil;&atilde;o da defesa, que reclamava a ocorr&ecirc;ncia simult&acirc;nea de dois arrestos: das a&ccedil;&otilde;es e da conta.<\/p>\n<p>Na semana passada, a ju&iacute;za Maria Aparecida Duenhas, do Tribunal Regional do Trabalho de S&atilde;o Paulo, indeferiu o pedido de liminar da Holdco que tentava desbloquear as a&ccedil;&otilde;es da Intelig.<\/p>\n","protected":false},"excerpt":{"rendered":"<p>Em mais uma decis&atilde;o, a Justi&ccedil;a do Trabalho manteve o bloqueio das a&ccedil;&otilde;es da Intelig em favor do pagamento de d&iacute;vidas trabalhistas da Gazeta Mercantil, mas o corregedor-geral, ministro Carlos Alberto Reis de Paula, autorizou a conclus&atilde;o da opera&ccedil;&atilde;o de troca de a&ccedil;&otilde;es negociada com a TIM. &lsquo;No mundo do trabalho, deve-se ponderar valores que &hellip; <a href=\"https:\/\/obscom.intervozes.org.br\/?p=23344\" class=\"more-link\">Continue lendo <span class=\"screen-reader-text\">Justi\u00e7a mant\u00e9m bloqueio das a\u00e7\u00f5es da Intelig, mas libera transa\u00e7\u00e3o com a TIM<\/span> <span class=\"meta-nav\">&rarr;<\/span><\/a><\/p>\n","protected":false},"author":1,"featured_media":0,"comment_status":"open","ping_status":"open","sticky":false,"template":"","format":"standard","meta":{"footnotes":""},"categories":[40],"tags":[816],"_links":{"self":[{"href":"https:\/\/obscom.intervozes.org.br\/index.php?rest_route=\/wp\/v2\/posts\/23344"}],"collection":[{"href":"https:\/\/obscom.intervozes.org.br\/index.php?rest_route=\/wp\/v2\/posts"}],"about":[{"href":"https:\/\/obscom.intervozes.org.br\/index.php?rest_route=\/wp\/v2\/types\/post"}],"author":[{"embeddable":true,"href":"https:\/\/obscom.intervozes.org.br\/index.php?rest_route=\/wp\/v2\/users\/1"}],"replies":[{"embeddable":true,"href":"https:\/\/obscom.intervozes.org.br\/index.php?rest_route=%2Fwp%2Fv2%2Fcomments&post=23344"}],"version-history":[{"count":0,"href":"https:\/\/obscom.intervozes.org.br\/index.php?rest_route=\/wp\/v2\/posts\/23344\/revisions"}],"wp:attachment":[{"href":"https:\/\/obscom.intervozes.org.br\/index.php?rest_route=%2Fwp%2Fv2%2Fmedia&parent=23344"}],"wp:term":[{"taxonomy":"category","embeddable":true,"href":"https:\/\/obscom.intervozes.org.br\/index.php?rest_route=%2Fwp%2Fv2%2Fcategories&post=23344"},{"taxonomy":"post_tag","embeddable":true,"href":"https:\/\/obscom.intervozes.org.br\/index.php?rest_route=%2Fwp%2Fv2%2Ftags&post=23344"}],"curies":[{"name":"wp","href":"https:\/\/api.w.org\/{rel}","templated":true}]}}