{"id":23341,"date":"2009-09-11T16:35:35","date_gmt":"2009-09-11T16:35:35","guid":{"rendered":"https:\/\/obscom.intervozes.org.br\/wordpress\/?p=23341"},"modified":"2009-09-11T16:35:35","modified_gmt":"2009-09-11T16:35:35","slug":"proteste-agenda-ato-publico-a-favor-da-reducao-da-assinatura-basica","status":"publish","type":"post","link":"https:\/\/obscom.intervozes.org.br\/?p=23341","title":{"rendered":"ProTeste agenda ato p\u00fablico a favor da redu\u00e7\u00e3o da assinatura b\u00e1sica"},"content":{"rendered":"<p>   \t \t \t \t \t<!-- \t\t@page { margin: 2cm } \t\tP { margin-bottom: 0.21cm } \t--> \t  <\/p>\n<p style=\"margin-bottom: 0cm\" class=\"padrao\"><strong>Reproduzido do Telecom Online<\/strong><\/p>\n<p>Depois de enviar of&iacute;cio para a Anatel sem obter resposta, a ProTeste decidiu promover um ato p&uacute;blico a favor da redu&ccedil;&atilde;o do valor da assinatura b&aacute;sica da telefonia fixa. A manifesta&ccedil;&atilde;o acontece na ter&ccedil;a-feira, ao meio dia, na Pra&ccedil;a da S&eacute;, em S&atilde;o Paulo. Segundo a entidade, ser&atilde;o coletadas assinaturas para refor&ccedil;ar a peti&ccedil;&atilde;o que pede a redu&ccedil;&atilde;o dos valores e que conta atualmente com 35 mil ades&otilde;es.<\/p>\n<p>A entidade prop&otilde;e que o pre&ccedil;o da assinatura mensal seja reduzido em 75%, dos atuais R$ 40 para R$ 14, com impostos, e com direito a chamadas locais sem limite. A proposta foi lan&ccedil;ada em fevereiro, por meio de of&iacute;cios encaminhados ao Minist&eacute;rio das Comunica&ccedil;&otilde;es, Anatel, Casa Civil, Tribunal de Contas da Uni&atilde;o e Minist&eacute;rio P&uacute;blico Federal. &ldquo;A Anatel nunca sequer respondeu se recebeu o documento. Queremos, pelo menos, que nos conven&ccedil;am que estamos errados&rdquo;, disse a diretora da ProTeste, Fl&aacute;via Lefr&egrave;ve, na quarta-feira, ao comentar a den&uacute;ncia feita pela entidade contra a Anatel junto ao TCU. <em>(Reda&ccedil;&atilde;o)<\/em><\/p>\n","protected":false},"excerpt":{"rendered":"<p>Reproduzido do Telecom Online Depois de enviar of&iacute;cio para a Anatel sem obter resposta, a ProTeste decidiu promover um ato p&uacute;blico a favor da redu&ccedil;&atilde;o do valor da assinatura b&aacute;sica da telefonia fixa. A manifesta&ccedil;&atilde;o acontece na ter&ccedil;a-feira, ao meio dia, na Pra&ccedil;a da S&eacute;, em S&atilde;o Paulo. Segundo a entidade, ser&atilde;o coletadas assinaturas para &hellip; <a href=\"https:\/\/obscom.intervozes.org.br\/?p=23341\" class=\"more-link\">Continue lendo <span class=\"screen-reader-text\">ProTeste agenda ato p\u00fablico a favor da redu\u00e7\u00e3o da assinatura b\u00e1sica<\/span> <span class=\"meta-nav\">&rarr;<\/span><\/a><\/p>\n","protected":false},"author":1,"featured_media":0,"comment_status":"open","ping_status":"open","sticky":false,"template":"","format":"standard","meta":{"footnotes":""},"categories":[39],"tags":[],"_links":{"self":[{"href":"https:\/\/obscom.intervozes.org.br\/index.php?rest_route=\/wp\/v2\/posts\/23341"}],"collection":[{"href":"https:\/\/obscom.intervozes.org.br\/index.php?rest_route=\/wp\/v2\/posts"}],"about":[{"href":"https:\/\/obscom.intervozes.org.br\/index.php?rest_route=\/wp\/v2\/types\/post"}],"author":[{"embeddable":true,"href":"https:\/\/obscom.intervozes.org.br\/index.php?rest_route=\/wp\/v2\/users\/1"}],"replies":[{"embeddable":true,"href":"https:\/\/obscom.intervozes.org.br\/index.php?rest_route=%2Fwp%2Fv2%2Fcomments&post=23341"}],"version-history":[{"count":0,"href":"https:\/\/obscom.intervozes.org.br\/index.php?rest_route=\/wp\/v2\/posts\/23341\/revisions"}],"wp:attachment":[{"href":"https:\/\/obscom.intervozes.org.br\/index.php?rest_route=%2Fwp%2Fv2%2Fmedia&parent=23341"}],"wp:term":[{"taxonomy":"category","embeddable":true,"href":"https:\/\/obscom.intervozes.org.br\/index.php?rest_route=%2Fwp%2Fv2%2Fcategories&post=23341"},{"taxonomy":"post_tag","embeddable":true,"href":"https:\/\/obscom.intervozes.org.br\/index.php?rest_route=%2Fwp%2Fv2%2Ftags&post=23341"}],"curies":[{"name":"wp","href":"https:\/\/api.w.org\/{rel}","templated":true}]}}