{"id":23338,"date":"2009-09-10T18:35:27","date_gmt":"2009-09-10T18:35:27","guid":{"rendered":"https:\/\/obscom.intervozes.org.br\/wordpress\/?p=23338"},"modified":"2009-09-10T18:35:27","modified_gmt":"2009-09-10T18:35:27","slug":"classificacao-indicativa-na-tv-deve-ser-observada-em-locais-com-fuso-horario-diferente-diz-stj","status":"publish","type":"post","link":"https:\/\/obscom.intervozes.org.br\/?p=23338","title":{"rendered":"Classifica\u00e7\u00e3o indicativa na TV deve ser observada em locais com fuso hor\u00e1rio diferente, diz STJ"},"content":{"rendered":"<p>   \t \t \t \t \t<!-- \t\t@page { margin: 2cm } \t\tP { margin-bottom: 0.21cm } \t--> \t  <\/p>\n<p style=\"margin-bottom: 0cm\" class=\"padrao\">Decis&atilde;o do STJ (Superior Tribunal de Justi&ccedil;a) suspende a permiss&atilde;o dada pelo Minist&eacute;rio da Justi&ccedil;a &agrave;s emissoras de televis&atilde;o para exibirem programa&ccedil;&atilde;o sem observar a classifica&ccedil;&atilde;o indicativa nos estados brasileiros durante o hor&aacute;rio de ver&atilde;o e nos casos de diferentes fusos hor&aacute;rios. Em decis&atilde;o un&acirc;nime, a Primeira Se&ccedil;&atilde;o Tribunal concedeu mandado de seguran&ccedil;a ao Minist&eacute;rio P&uacute;blico Federal (MPF), determinando seja cumprida portaria do Minist&eacute;rio que regulamenta o Estatuto da Crian&ccedil;a e do Adolescente (ECA &#8211; Lei n. 8.069\/90). <\/p>\n<p>O MPF argumenta que cerca de 26 milh&otilde;es de crian&ccedil;as e adolescentes residentes onde n&atilde;o vigora o hor&aacute;rio de ver&atilde;o ou onde h&aacute; fuso hor&aacute;rio diferente ficam expostas a cenas de sexo e de viol&ecirc;ncia em desacordo com o ECA e Portaria do Minist&eacute;rio da Justi&ccedil;a. &ldquo;&Eacute; dever das emissoras exibir no hor&aacute;rio recomendado para o p&uacute;blico infanto-juvenil programas com finalidades educativas, art&iacute;sticas, culturais e informativas&rdquo;, afirma em seu pedido, o qual foi acrescido de emenda, adequando-o aos fatos atuais devido &agrave; ocorr&ecirc;ncia do hor&aacute;rio anualmente. <\/p>\n<p>Inclu&iacute;da para responder &agrave; a&ccedil;&atilde;o, a Associa&ccedil;&atilde;o Brasileira de Emissoras de R&aacute;dio e Televis&atilde;o (Abert) argumentou, entre outras coisas, que a resolu&ccedil;&atilde;o foi suspensa parcialmente pelo Minist&eacute;rio e teria ocorrido a perda de objeto com o fim do hor&aacute;rio de ver&atilde;o. O Minist&eacute;rio da Justi&ccedil;a, por sua vez, informou que, diante do novo pedido, n&atilde;o havia ato concreto emanado dele que pudesse ser atacado por mandado de seguran&ccedil;a. <\/p>\n<p>Em parecer, o Minist&eacute;rio P&uacute;blico opinou que as crian&ccedil;as e os adolescentes s&atilde;o &ldquo;consumidores vulner&aacute;veis&rdquo;, como vulner&aacute;veis s&atilde;o os valores que orientam a sua prote&ccedil;&atilde;o. Para o MP, uma das formas de compatibilizar essa prote&ccedil;&atilde;o com o neg&oacute;cio da comunica&ccedil;&atilde;o &eacute; restringir a programa&ccedil;&atilde;o a hor&aacute;rios por faixa et&aacute;ria. A opini&atilde;o da institui&ccedil;&atilde;o &eacute; pela concess&atilde;o do pedido. <\/p>\n<p>Ao apreciar a a&ccedil;&atilde;o, o relator, ministro Teori Albino Zavascki, destacou, quando analisou o m&eacute;rito, que a prote&ccedil;&atilde;o das crian&ccedil;as e dos adolescentes foi criada pela Constitui&ccedil;&atilde;o brasileira como valor de &ldquo;absoluta prioridade&rdquo; e autoriza, at&eacute; mesmo, &ldquo;restri&ccedil;&otilde;es quanto &agrave; veicula&ccedil;&atilde;o de programas audiovisuais por emissoras de r&aacute;dio e televis&atilde;o, que fica subordinada &agrave; classifica&ccedil;&atilde;o por hor&aacute;rios e faixas et&aacute;rias&rdquo;. O ministro tamb&eacute;m ressaltou que o ECA determina expressamente que &ldquo;as emissoras de r&aacute;dio e televis&atilde;o somente exibir&atilde;o, no hor&aacute;rio recomendado para o p&uacute;blico infanto-juvenil, programas com finalidades educativas, art&iacute;sticas, culturais e informativas&quot;. <em>(Com assessoria de imprensa)<\/em><\/p>\n","protected":false},"excerpt":{"rendered":"<p>Decis&atilde;o do STJ (Superior Tribunal de Justi&ccedil;a) suspende a permiss&atilde;o dada pelo Minist&eacute;rio da Justi&ccedil;a &agrave;s emissoras de televis&atilde;o para exibirem programa&ccedil;&atilde;o sem observar a classifica&ccedil;&atilde;o indicativa nos estados brasileiros durante o hor&aacute;rio de ver&atilde;o e nos casos de diferentes fusos hor&aacute;rios. Em decis&atilde;o un&acirc;nime, a Primeira Se&ccedil;&atilde;o Tribunal concedeu mandado de seguran&ccedil;a ao Minist&eacute;rio &hellip; <a href=\"https:\/\/obscom.intervozes.org.br\/?p=23338\" class=\"more-link\">Continue lendo <span class=\"screen-reader-text\">Classifica\u00e7\u00e3o indicativa na TV deve ser observada em locais com fuso hor\u00e1rio diferente, diz STJ<\/span> <span class=\"meta-nav\">&rarr;<\/span><\/a><\/p>\n","protected":false},"author":1,"featured_media":0,"comment_status":"open","ping_status":"open","sticky":false,"template":"","format":"standard","meta":{"footnotes":""},"categories":[40],"tags":[1109],"_links":{"self":[{"href":"https:\/\/obscom.intervozes.org.br\/index.php?rest_route=\/wp\/v2\/posts\/23338"}],"collection":[{"href":"https:\/\/obscom.intervozes.org.br\/index.php?rest_route=\/wp\/v2\/posts"}],"about":[{"href":"https:\/\/obscom.intervozes.org.br\/index.php?rest_route=\/wp\/v2\/types\/post"}],"author":[{"embeddable":true,"href":"https:\/\/obscom.intervozes.org.br\/index.php?rest_route=\/wp\/v2\/users\/1"}],"replies":[{"embeddable":true,"href":"https:\/\/obscom.intervozes.org.br\/index.php?rest_route=%2Fwp%2Fv2%2Fcomments&post=23338"}],"version-history":[{"count":0,"href":"https:\/\/obscom.intervozes.org.br\/index.php?rest_route=\/wp\/v2\/posts\/23338\/revisions"}],"wp:attachment":[{"href":"https:\/\/obscom.intervozes.org.br\/index.php?rest_route=%2Fwp%2Fv2%2Fmedia&parent=23338"}],"wp:term":[{"taxonomy":"category","embeddable":true,"href":"https:\/\/obscom.intervozes.org.br\/index.php?rest_route=%2Fwp%2Fv2%2Fcategories&post=23338"},{"taxonomy":"post_tag","embeddable":true,"href":"https:\/\/obscom.intervozes.org.br\/index.php?rest_route=%2Fwp%2Fv2%2Ftags&post=23338"}],"curies":[{"name":"wp","href":"https:\/\/api.w.org\/{rel}","templated":true}]}}