{"id":23337,"date":"2009-09-10T18:33:04","date_gmt":"2009-09-10T18:33:04","guid":{"rendered":"https:\/\/obscom.intervozes.org.br\/wordpress\/?p=23337"},"modified":"2009-09-10T18:33:04","modified_gmt":"2009-09-10T18:33:04","slug":"votacao-da-reforma-eleitoral-e-transferida-para-terca-feira","status":"publish","type":"post","link":"https:\/\/obscom.intervozes.org.br\/?p=23337","title":{"rendered":"Vota\u00e7\u00e3o da reforma eleitoral \u00e9 transferida para ter\u00e7a-feira"},"content":{"rendered":"<p>   \t \t \t \t \t<!-- \t\t@page { margin: 2cm } \t\tP { margin-bottom: 0.21cm } \t--> \t  <\/p>\n<p style=\"margin-bottom: 0cm\" class=\"western\">A Mesa do Senado transferiu para a pr&oacute;xima ter&ccedil;a-feira (15) a conclus&atilde;o da vota&ccedil;&atilde;o da reforma eleitoral. A decis&atilde;o foi anunciada pelo presidente Jos&eacute; Sarney ap&oacute;s a constata&ccedil;&atilde;o da falta de qu&oacute;rum e da impossibilidade de contatar os relatores da proposta, senadores Eduardo Azeredo (PSDB-MG) e Marco Maciel (DEM-PE). <\/p>\n<p>No in&iacute;cio da sess&atilde;o, o senador Aloizio Mercadante (PT-SP) pressionou o senador M&atilde;o Santa (PMDB-PI), que presidia os trabalhos, por uma defini&ccedil;&atilde;o. Na noite de quarta-feira, o Senado aprovou o texto b&aacute;sico da reforma, com quatro emendas apresentadas por Maciel e Azeredo. A sess&atilde;o foi suspensa &agrave;s 22h30, diante da constata&ccedil;&atilde;o de falta de qu&oacute;rum, e remarcada para as 9h desta quinta-feira (10). Por&eacute;m, a realiza&ccedil;&atilde;o da sess&atilde;o de homenagem aos 60 anos da Associa&ccedil;&atilde;o dos Magistrados fez com que a sess&atilde;o fosse novamente adiada para as 14h.<\/p>\n<p>&ldquo;Percebo um movimento discreto para esvaziar uma pauta que &eacute; fundamental para a cidadania. Acho que isso &eacute; um erro pol&iacute;tico. Espero que seja um erro passageiro. Essa reforma j&aacute; &eacute; absolutamente ineficiente. Mas n&atilde;o fazer nem isso &eacute; inaceit&aacute;vel&rdquo;, disse Mercadante. <\/p>\n<p>O l&iacute;der do PT alertou para o fato de que, caso n&atilde;o sejam votadas as emendas apresentadas pelos senadores, prevalecer&aacute; o texto aprovado na C&acirc;mara, que imp&otilde;e restri&ccedil;&otilde;es &agrave; utiliza&ccedil;&atilde;o da internet durante as campanhas eleitorais. Na noite de quarta-feira, as emendas que dizem respeito &agrave; cobertura jornal&iacute;stica por empresas de comunica&ccedil;&atilde;o na rede n&atilde;o chegaram a ser apreciadas. Mercadante frisou que uma nova legisla&ccedil;&atilde;o deve ser promulgada e publicada no Di&aacute;rio Oficial da Uni&atilde;o at&eacute; 2 de outubro para valer para as pr&oacute;ximas elei&ccedil;&otilde;es. <\/p>\n<p>O senador Alvaro Dias (PSDB-PR) tamb&eacute;m defendeu a elimina&ccedil;&atilde;o de todas as restri&ccedil;&otilde;es que restam para que a internet possa ser usada de maneira ampla e democr&aacute;tica durante a campanha eleitoral. <\/p>\n<p>Pedro Simon (PMDB-RS), por sua vez, disse compartilhar da indigna&ccedil;&atilde;o de Mercadante. &ldquo;N&atilde;o h&aacute; raz&atilde;o para a essa altura n&atilde;o estarem sentados &agrave; Mesa os dois relatores e o presidente do Senado&rdquo;, disse. <\/p>\n<p>J&aacute; o senador Renato Casagrande (PSB-ES) refor&ccedil;ou o apelo para que, na ter&ccedil;a-feira (15), todos os senadores estejam presentes em Plen&aacute;rio para a retomada das vota&ccedil;&otilde;es. Jo&atilde;o Pedro (PT-AM) e Epit&aacute;cio Cafeteira (PTB-MA) tamb&eacute;m cobraram uma defini&ccedil;&atilde;o.<\/p>\n","protected":false},"excerpt":{"rendered":"<p>A Mesa do Senado transferiu para a pr&oacute;xima ter&ccedil;a-feira (15) a conclus&atilde;o da vota&ccedil;&atilde;o da reforma eleitoral. A decis&atilde;o foi anunciada pelo presidente Jos&eacute; Sarney ap&oacute;s a constata&ccedil;&atilde;o da falta de qu&oacute;rum e da impossibilidade de contatar os relatores da proposta, senadores Eduardo Azeredo (PSDB-MG) e Marco Maciel (DEM-PE). No in&iacute;cio da sess&atilde;o, o senador &hellip; <a href=\"https:\/\/obscom.intervozes.org.br\/?p=23337\" class=\"more-link\">Continue lendo <span class=\"screen-reader-text\">Vota\u00e7\u00e3o da reforma eleitoral \u00e9 transferida para ter\u00e7a-feira<\/span> <span class=\"meta-nav\">&rarr;<\/span><\/a><\/p>\n","protected":false},"author":1,"featured_media":0,"comment_status":"open","ping_status":"open","sticky":false,"template":"","format":"standard","meta":{"footnotes":""},"categories":[40],"tags":[717],"_links":{"self":[{"href":"https:\/\/obscom.intervozes.org.br\/index.php?rest_route=\/wp\/v2\/posts\/23337"}],"collection":[{"href":"https:\/\/obscom.intervozes.org.br\/index.php?rest_route=\/wp\/v2\/posts"}],"about":[{"href":"https:\/\/obscom.intervozes.org.br\/index.php?rest_route=\/wp\/v2\/types\/post"}],"author":[{"embeddable":true,"href":"https:\/\/obscom.intervozes.org.br\/index.php?rest_route=\/wp\/v2\/users\/1"}],"replies":[{"embeddable":true,"href":"https:\/\/obscom.intervozes.org.br\/index.php?rest_route=%2Fwp%2Fv2%2Fcomments&post=23337"}],"version-history":[{"count":0,"href":"https:\/\/obscom.intervozes.org.br\/index.php?rest_route=\/wp\/v2\/posts\/23337\/revisions"}],"wp:attachment":[{"href":"https:\/\/obscom.intervozes.org.br\/index.php?rest_route=%2Fwp%2Fv2%2Fmedia&parent=23337"}],"wp:term":[{"taxonomy":"category","embeddable":true,"href":"https:\/\/obscom.intervozes.org.br\/index.php?rest_route=%2Fwp%2Fv2%2Fcategories&post=23337"},{"taxonomy":"post_tag","embeddable":true,"href":"https:\/\/obscom.intervozes.org.br\/index.php?rest_route=%2Fwp%2Fv2%2Ftags&post=23337"}],"curies":[{"name":"wp","href":"https:\/\/api.w.org\/{rel}","templated":true}]}}