{"id":23334,"date":"2009-09-10T18:24:07","date_gmt":"2009-09-10T18:24:07","guid":{"rendered":"https:\/\/obscom.intervozes.org.br\/wordpress\/?p=23334"},"modified":"2009-09-10T18:24:07","modified_gmt":"2009-09-10T18:24:07","slug":"associacao-mundial-de-radios-comunitarias-se-pronuncia-sobre-nova-lei-do-setor-audiovisual","status":"publish","type":"post","link":"https:\/\/obscom.intervozes.org.br\/?p=23334","title":{"rendered":"Associa\u00e7\u00e3o Mundial de R\u00e1dios Comunit\u00e1rias se pronuncia sobre nova lei do setor audiovisual"},"content":{"rendered":"<p><span class=\"padrao\"><em>[T&iacute;tulo original: AMARC Argentina se pronuncia sobre nova lei]<\/em><\/p>\n<p>Representantes da Associa&ccedil;&atilde;o Mundial de R&aacute;dios Comunit&aacute;rias na Argentina est&atilde;o participando das audi&ecirc;ncias p&uacute;blicas sobre a nova lei de comunica&ccedil;&atilde;o do pa&iacute;s.<br \/><\/span>   \t \t \t \t \t<!-- \t\t@page { margin: 2cm } \t\tP { margin-bottom: 0.21\n\n<p style=\"margin-bottom: 0cm\" class=\"padrao\"-->Na primeira sess&atilde;o ocorrida no Congresso argentino esta semana, Santiago Marino, que &eacute; especialista em legisla&ccedil;&otilde;es de comunica&ccedil;&atilde;o, afirmou que a Lei de Servi&ccedil;os de Comunica&ccedil;&atilde;o Audiovisual respeita os princ&iacute;pios defendidos pela sociedade civil. <\/p>\n<p>&ldquo;Na AMARC n&oacute;s elaboramos os princ&iacute;pios para um marco regulat&oacute;rio democr&aacute;tico sobre r&aacute;dio e TV comunit&aacute;ria, que &eacute; fruto de uma pesquisa realizada em 29 pa&iacute;ses nos cinco continentes para identificar os marcos legais e pol&iacute;ticas p&uacute;blicas dirigidas a reconhecer e promover a r&aacute;dio e TV comunit&aacute;rias&rdquo;, disse ele.<\/p>\n<p>Em seguida, Marino avaliou que muitas das contribui&ccedil;&otilde;es da AMARC e de outros representantes da sociedade argentina est&atilde;o contempladas no projeto de lei. <\/p>\n<p>Mas ressalvou que a aprova&ccedil;&atilde;o de uma lei que garanta o direito a uma comunica&ccedil;&atilde;o democr&aacute;tica, embora seja fundamental, n&atilde;o garante sozinha a democratiza&ccedil;&atilde;o do sistema de meios de comunica&ccedil;&atilde;o.  <\/p>\n<p>&nbsp;<\/p>\n","protected":false},"excerpt":{"rendered":"<p>[T&iacute;tulo original: AMARC Argentina se pronuncia sobre nova lei] Representantes da Associa&ccedil;&atilde;o Mundial de R&aacute;dios Comunit&aacute;rias na Argentina est&atilde;o participando das audi&ecirc;ncias p&uacute;blicas sobre a nova lei de comunica&ccedil;&atilde;o do pa&iacute;s. Na primeira sess&atilde;o ocorrida no Congresso argentino esta semana, Santiago Marino, que &eacute; especialista em legisla&ccedil;&otilde;es de comunica&ccedil;&atilde;o, afirmou que a Lei de Servi&ccedil;os &hellip; <a href=\"https:\/\/obscom.intervozes.org.br\/?p=23334\" class=\"more-link\">Continue lendo <span class=\"screen-reader-text\">Associa\u00e7\u00e3o Mundial de R\u00e1dios Comunit\u00e1rias se pronuncia sobre nova lei do setor audiovisual<\/span> <span class=\"meta-nav\">&rarr;<\/span><\/a><\/p>\n","protected":false},"author":1,"featured_media":0,"comment_status":"open","ping_status":"open","sticky":false,"template":"","format":"standard","meta":{"footnotes":""},"categories":[40],"tags":[2],"_links":{"self":[{"href":"https:\/\/obscom.intervozes.org.br\/index.php?rest_route=\/wp\/v2\/posts\/23334"}],"collection":[{"href":"https:\/\/obscom.intervozes.org.br\/index.php?rest_route=\/wp\/v2\/posts"}],"about":[{"href":"https:\/\/obscom.intervozes.org.br\/index.php?rest_route=\/wp\/v2\/types\/post"}],"author":[{"embeddable":true,"href":"https:\/\/obscom.intervozes.org.br\/index.php?rest_route=\/wp\/v2\/users\/1"}],"replies":[{"embeddable":true,"href":"https:\/\/obscom.intervozes.org.br\/index.php?rest_route=%2Fwp%2Fv2%2Fcomments&post=23334"}],"version-history":[{"count":0,"href":"https:\/\/obscom.intervozes.org.br\/index.php?rest_route=\/wp\/v2\/posts\/23334\/revisions"}],"wp:attachment":[{"href":"https:\/\/obscom.intervozes.org.br\/index.php?rest_route=%2Fwp%2Fv2%2Fmedia&parent=23334"}],"wp:term":[{"taxonomy":"category","embeddable":true,"href":"https:\/\/obscom.intervozes.org.br\/index.php?rest_route=%2Fwp%2Fv2%2Fcategories&post=23334"},{"taxonomy":"post_tag","embeddable":true,"href":"https:\/\/obscom.intervozes.org.br\/index.php?rest_route=%2Fwp%2Fv2%2Ftags&post=23334"}],"curies":[{"name":"wp","href":"https:\/\/api.w.org\/{rel}","templated":true}]}}