{"id":23332,"date":"2009-09-10T18:18:23","date_gmt":"2009-09-10T18:18:23","guid":{"rendered":"https:\/\/obscom.intervozes.org.br\/wordpress\/?p=23332"},"modified":"2009-09-10T18:18:23","modified_gmt":"2009-09-10T18:18:23","slug":"pane-na-telefonica-foi-causada-por-falha-no-sistema-de-sinalizacao","status":"publish","type":"post","link":"https:\/\/obscom.intervozes.org.br\/?p=23332","title":{"rendered":"Pane na Telef\u00f4nica foi causada por falha no sistema de sinaliza\u00e7\u00e3o"},"content":{"rendered":"<p>   \t \t \t \t \t<!-- \t\t@page { margin: 2cm } \t\tP { margin-bottom: 0.21cm } \t--> \t  <\/p>\n<p style=\"margin-bottom: 0cm\" class=\"padrao\">A interrup&ccedil;&atilde;o no servi&ccedil;o de voz da Telef&ocirc;nica, ocorrida na ter&ccedil;a-feira, dia 8, na regi&atilde;o metropolitana da capital de S&atilde;o Paulo, foi causada por uma falha no sistema de sinaliza&ccedil;&atilde;o, segundo informa&ccedil;&otilde;es da Tr&oacute;pico, fornecedora dos equipamentos na central afetada. &quot;Devido &agrave; tempestade at&iacute;pica, com excessivas descargas el&eacute;tricas, ocorrida na manh&atilde; do dia 8 de setembro, tr&ecirc;s equipamentos de sinaliza&ccedil;&atilde;o Tr&oacute;pico, instalados na rede de telefonia da Telef&ocirc;nica, tiveram seu funcionamento seriamente afetado. Estas ocorr&ecirc;ncias causaram perturba&ccedil;&otilde;es na presta&ccedil;&atilde;o dos servi&ccedil;os de telefonia, dificultando o completamento de chamadas, conforme informado pela concession&aacute;ria e noticiado pela imprensa&quot;, informa a Tr&oacute;pico, em comunicado.<\/p>\n<p>Na nota, a Tr&oacute;pico, empresa nacional com trajet&oacute;ria de sucesso e pioneirismo no desenvolvimento de solu&ccedil;&otilde;es em tecnologia de telecomunica&ccedil;&otilde;es, lamenta os transtornos causados &agrave; popula&ccedil;&atilde;o afetada e se coloca &agrave; disposi&ccedil;&atilde;o da Telef&ocirc;nica e das autoridades competentes para prestar os esclarecimentos adicionais que se tornem necess&aacute;rios.<\/p>\n<p>Para a Anatel, a admiss&atilde;o de culpa da Tr&oacute;pico no caso da pane da Telef&ocirc;nica n&atilde;o paralisa as a&ccedil;&otilde;es de fiscaliza&ccedil;&atilde;o deflagradas. A ag&ecirc;ncia est&aacute; apurando o tempo de paralisa&ccedil;&atilde;o do servi&ccedil;o, o n&uacute;mero de assinantes afetados, se a operadora comunicou aos usu&aacute;rios sobre a paralisa&ccedil;&atilde;o e os planos de ressarcimento aos clientes.<\/p>\n<p>Segundo a ag&ecirc;ncia, a Telef&ocirc;nica &eacute; quem det&eacute;m a concess&atilde;o do servi&ccedil;o e ter&aacute; que ser responsabilizada, mesmo que a fornecedora assuma a culpa pela pane. Uma eventual puni&ccedil;&atilde;o &agrave; Tr&oacute;pico somente seria poss&iacute;vel se o equipamento que apresentou o defeito n&atilde;o fosse homologado pela Anatel. <em>(Com assessoria de imprensa)<\/em><\/p>\n","protected":false},"excerpt":{"rendered":"<p>A interrup&ccedil;&atilde;o no servi&ccedil;o de voz da Telef&ocirc;nica, ocorrida na ter&ccedil;a-feira, dia 8, na regi&atilde;o metropolitana da capital de S&atilde;o Paulo, foi causada por uma falha no sistema de sinaliza&ccedil;&atilde;o, segundo informa&ccedil;&otilde;es da Tr&oacute;pico, fornecedora dos equipamentos na central afetada. &quot;Devido &agrave; tempestade at&iacute;pica, com excessivas descargas el&eacute;tricas, ocorrida na manh&atilde; do dia 8 de &hellip; <a href=\"https:\/\/obscom.intervozes.org.br\/?p=23332\" class=\"more-link\">Continue lendo <span class=\"screen-reader-text\">Pane na Telef\u00f4nica foi causada por falha no sistema de sinaliza\u00e7\u00e3o<\/span> <span class=\"meta-nav\">&rarr;<\/span><\/a><\/p>\n","protected":false},"author":1,"featured_media":0,"comment_status":"open","ping_status":"open","sticky":false,"template":"","format":"standard","meta":{"footnotes":""},"categories":[40],"tags":[1107],"_links":{"self":[{"href":"https:\/\/obscom.intervozes.org.br\/index.php?rest_route=\/wp\/v2\/posts\/23332"}],"collection":[{"href":"https:\/\/obscom.intervozes.org.br\/index.php?rest_route=\/wp\/v2\/posts"}],"about":[{"href":"https:\/\/obscom.intervozes.org.br\/index.php?rest_route=\/wp\/v2\/types\/post"}],"author":[{"embeddable":true,"href":"https:\/\/obscom.intervozes.org.br\/index.php?rest_route=\/wp\/v2\/users\/1"}],"replies":[{"embeddable":true,"href":"https:\/\/obscom.intervozes.org.br\/index.php?rest_route=%2Fwp%2Fv2%2Fcomments&post=23332"}],"version-history":[{"count":0,"href":"https:\/\/obscom.intervozes.org.br\/index.php?rest_route=\/wp\/v2\/posts\/23332\/revisions"}],"wp:attachment":[{"href":"https:\/\/obscom.intervozes.org.br\/index.php?rest_route=%2Fwp%2Fv2%2Fmedia&parent=23332"}],"wp:term":[{"taxonomy":"category","embeddable":true,"href":"https:\/\/obscom.intervozes.org.br\/index.php?rest_route=%2Fwp%2Fv2%2Fcategories&post=23332"},{"taxonomy":"post_tag","embeddable":true,"href":"https:\/\/obscom.intervozes.org.br\/index.php?rest_route=%2Fwp%2Fv2%2Ftags&post=23332"}],"curies":[{"name":"wp","href":"https:\/\/api.w.org\/{rel}","templated":true}]}}