{"id":23328,"date":"2009-09-10T18:00:25","date_gmt":"2009-09-10T18:00:25","guid":{"rendered":"https:\/\/obscom.intervozes.org.br\/wordpress\/?p=23328"},"modified":"2009-09-10T18:00:25","modified_gmt":"2009-09-10T18:00:25","slug":"comite-gestor-inicia-medicao-da-velocidade-dos-servicos-de-internet","status":"publish","type":"post","link":"https:\/\/obscom.intervozes.org.br\/?p=23328","title":{"rendered":"Comit\u00ea Gestor inicia medi\u00e7\u00e3o da velocidade dos servi\u00e7os de internet"},"content":{"rendered":"<p>   \t \t \t \t \t<!-- \t\t@page { margin: 2cm } \t\tP { margin-bottom: 0.21cm } \t--><span class=\"padrao\">O NIC.Br, bra&ccedil;o operacional do Comit&ecirc; Gestor da Internet (CGI), come&ccedil;a nas pr&oacute;ximas semanas a medir a velocidade das conex&otilde;es de banda larga oferecidas pelas operadoras em v&aacute;rias regi&otilde;es do Brasil. Segundo o presidente do NIC.Br, Demi Getschko, j&aacute; existe um software para isso &agrave; disposi&ccedil;&atilde;o dos assinantes no site do Centro de Estudo e Pesquisas em Tecnologia em Redes e Opera&ccedil;&otilde;es (Ceptro), mas a ideia &eacute; aprimorar a solu&ccedil;&atilde;o.<br \/><\/span><\/p>\n<p style=\"margin-bottom: 0cm\" class=\"padrao\">O aprimoramento passa pela instala&ccedil;&atilde;o de equipamentos na casa de usu&aacute;rios que funcionar&atilde;o como amostra representativa. &ldquo;As caixinhas ficar&atilde;o l&aacute; por v&aacute;rios meses, enviando os dados que o Comit&ecirc; Gestor ir&aacute; tabular e divulgar periodicamente&rdquo;, explicou Getschko. Segundo ele, n&atilde;o &eacute; inten&ccedil;&atilde;o da entidade criar algum tipo de ranking, mas &eacute; direito do assinante saber se a operadora est&aacute; entregando a banda contratada.<\/p>\n<p>Atualmente, 40 &ldquo;caixinhas&rdquo; j&aacute; foram importadas e come&ccedil;am a ser instaladas em outubro. A inten&ccedil;&atilde;o do CGI &eacute; chegar a 200 equipamentos instalados, como forma de criar uma amostra com alguma representatividade.<\/p>\n<p>O projeto foi desenvolvido em parceria com o Inmetro, que pode intensificar o processo de medi&ccedil;&atilde;o dentro de suas atividades de fiscaliza&ccedil;&atilde;o. A Anatel tamb&eacute;m acompanha o processo com interesse.<\/p>\n","protected":false},"excerpt":{"rendered":"<p>O NIC.Br, bra&ccedil;o operacional do Comit&ecirc; Gestor da Internet (CGI), come&ccedil;a nas pr&oacute;ximas semanas a medir a velocidade das conex&otilde;es de banda larga oferecidas pelas operadoras em v&aacute;rias regi&otilde;es do Brasil. Segundo o presidente do NIC.Br, Demi Getschko, j&aacute; existe um software para isso &agrave; disposi&ccedil;&atilde;o dos assinantes no site do Centro de Estudo e &hellip; <a href=\"https:\/\/obscom.intervozes.org.br\/?p=23328\" class=\"more-link\">Continue lendo <span class=\"screen-reader-text\">Comit\u00ea Gestor inicia medi\u00e7\u00e3o da velocidade dos servi\u00e7os de internet<\/span> <span class=\"meta-nav\">&rarr;<\/span><\/a><\/p>\n","protected":false},"author":1,"featured_media":0,"comment_status":"open","ping_status":"open","sticky":false,"template":"","format":"standard","meta":{"footnotes":""},"categories":[40],"tags":[545],"_links":{"self":[{"href":"https:\/\/obscom.intervozes.org.br\/index.php?rest_route=\/wp\/v2\/posts\/23328"}],"collection":[{"href":"https:\/\/obscom.intervozes.org.br\/index.php?rest_route=\/wp\/v2\/posts"}],"about":[{"href":"https:\/\/obscom.intervozes.org.br\/index.php?rest_route=\/wp\/v2\/types\/post"}],"author":[{"embeddable":true,"href":"https:\/\/obscom.intervozes.org.br\/index.php?rest_route=\/wp\/v2\/users\/1"}],"replies":[{"embeddable":true,"href":"https:\/\/obscom.intervozes.org.br\/index.php?rest_route=%2Fwp%2Fv2%2Fcomments&post=23328"}],"version-history":[{"count":0,"href":"https:\/\/obscom.intervozes.org.br\/index.php?rest_route=\/wp\/v2\/posts\/23328\/revisions"}],"wp:attachment":[{"href":"https:\/\/obscom.intervozes.org.br\/index.php?rest_route=%2Fwp%2Fv2%2Fmedia&parent=23328"}],"wp:term":[{"taxonomy":"category","embeddable":true,"href":"https:\/\/obscom.intervozes.org.br\/index.php?rest_route=%2Fwp%2Fv2%2Fcategories&post=23328"},{"taxonomy":"post_tag","embeddable":true,"href":"https:\/\/obscom.intervozes.org.br\/index.php?rest_route=%2Fwp%2Fv2%2Ftags&post=23328"}],"curies":[{"name":"wp","href":"https:\/\/api.w.org\/{rel}","templated":true}]}}