{"id":23327,"date":"2009-09-10T17:56:36","date_gmt":"2009-09-10T17:56:36","guid":{"rendered":"https:\/\/obscom.intervozes.org.br\/wordpress\/?p=23327"},"modified":"2009-09-10T17:56:36","modified_gmt":"2009-09-10T17:56:36","slug":"stj-determina-que-classificacao-indicativa-esteja-vinculada-a-hora-local-o-ano-todo","status":"publish","type":"post","link":"https:\/\/obscom.intervozes.org.br\/?p=23327","title":{"rendered":"STJ determina que classifica\u00e7\u00e3o indicativa esteja vinculada \u00e0 hora local o ano todo"},"content":{"rendered":"<p>   \t \t \t \t \t<!-- \t\t@page { margin: 2cm } \t\tP { margin-bottom: 0.21cm } \t--> \t   <\/p>\n<p style=\"margin-bottom: 0cm\" class=\"western\"><span class=\"padrao\"><strong>Reproduzido do Consultor Jur&iacute;dico<\/p>\n<p><\/strong><em>[T&iacute;tulo original: Classifica&ccedil;&atilde;o indicativa vale de forma permanente]<\/p>\n<p><\/em>O Minist&eacute;rio da Justi&ccedil;a deve exigir das emissoras de r&aacute;dio e televis&atilde;o, em car&aacute;ter permanente, a estrita observ&acirc;ncia dos diferentes fusos hor&aacute;rios na vincula&ccedil;&atilde;o da classifica&ccedil;&atilde;o indicativa, inclusive durante o hor&aacute;rio de ver&atilde;o. A determina&ccedil;&atilde;o &eacute; do Superior Tribunal de Justi&ccedil;a, que concedeu Mandado de Seguran&ccedil;a proposto pelo Minist&eacute;rio P&uacute;blico Federal, por unanimidade.<\/p>\n<p>O STJ revogou a medida do Minist&eacute;rio da Justi&ccedil;a de suspender a obrigatoriedade do cumprimento integral da Portaria n&ordm; 1.220\/2007, que atendia a argumenta&ccedil;&atilde;o da Associa&ccedil;&atilde;o Brasileira de Emissoras de R&aacute;dio e Televis&atilde;o (Abert). A alega&ccedil;&atilde;o era a de que o cumprimento da classifica&ccedil;&atilde;o indicativa durante o hor&aacute;rio de ver&atilde;o implicaria &quot;graves dificuldades de implementa&ccedil;&atilde;o e de prov&aacute;veis consequ&ecirc;ncias danosas &agrave;s economias regionais&quot;.<\/p>\n<p>A decis&atilde;o obriga empresas de radiodifus&atilde;o a cumprirem, j&aacute; a partir do hor&aacute;rio de ver&atilde;o deste ano, a classifica&ccedil;&atilde;o indicativa em todos os estados brasileiros. Na pr&aacute;tica, a decis&atilde;o atinge diretamente cerca de 26 milh&otilde;es de crian&ccedil;as e adolescentes que residem em estados n&atilde;o atingidos pelo hor&aacute;rio de ver&atilde;o ou com fuso hor&aacute;rio com diferen&ccedil;a de uma a duas horas de Bras&iacute;lia, garantindo-lhes o direito a uma programa&ccedil;&atilde;o televisiva que leve em considera&ccedil;&atilde;o sua prote&ccedil;&atilde;o integral, conforme os artigos 74 e 76 do Estatuto da Crian&ccedil;a e do Adolescente, e artigos 17 e 19 da Portaria n&ordm; 1.220\/2007 de autoria do ministro da Justi&ccedil;a. <\/p>\n<p>Clique <a href=\"http:\/\/pfdc.pgr.mpf.gov.br\/grupos-de-trabalho\/comunicao-social\/docs_atuacao\/Mandado_de_Seguranca-ClassificacaoIndicativa.pdf\" target=\"_blank\">aqui<\/a>  e <a href=\"http:\/\/pfdc.pgr.mpf.gov.br\/conteudo-tematico\/classificacao-indicativa\/Parecer_PGR_classificacaoindicativa_MS_14041.pdf\" target=\"_blank\">aqui <\/a> para ler as &iacute;ntegras das decis&otilde;es.<br \/><em><br \/>(Reda&ccedil;&atilde;o, com informa&ccedil;&otilde;es da Assessoria de Imprensa do MPF-Bras&iacute;lia)<\/em><br \/><\/span> <\/p>\n","protected":false},"excerpt":{"rendered":"<p>Reproduzido do Consultor Jur&iacute;dico [T&iacute;tulo original: Classifica&ccedil;&atilde;o indicativa vale de forma permanente] O Minist&eacute;rio da Justi&ccedil;a deve exigir das emissoras de r&aacute;dio e televis&atilde;o, em car&aacute;ter permanente, a estrita observ&acirc;ncia dos diferentes fusos hor&aacute;rios na vincula&ccedil;&atilde;o da classifica&ccedil;&atilde;o indicativa, inclusive durante o hor&aacute;rio de ver&atilde;o. A determina&ccedil;&atilde;o &eacute; do Superior Tribunal de Justi&ccedil;a, que concedeu &hellip; <a href=\"https:\/\/obscom.intervozes.org.br\/?p=23327\" class=\"more-link\">Continue lendo <span class=\"screen-reader-text\">STJ determina que classifica\u00e7\u00e3o indicativa esteja vinculada \u00e0 hora local o ano todo<\/span> <span class=\"meta-nav\">&rarr;<\/span><\/a><\/p>\n","protected":false},"author":1,"featured_media":0,"comment_status":"open","ping_status":"open","sticky":false,"template":"","format":"standard","meta":{"footnotes":""},"categories":[39],"tags":[],"_links":{"self":[{"href":"https:\/\/obscom.intervozes.org.br\/index.php?rest_route=\/wp\/v2\/posts\/23327"}],"collection":[{"href":"https:\/\/obscom.intervozes.org.br\/index.php?rest_route=\/wp\/v2\/posts"}],"about":[{"href":"https:\/\/obscom.intervozes.org.br\/index.php?rest_route=\/wp\/v2\/types\/post"}],"author":[{"embeddable":true,"href":"https:\/\/obscom.intervozes.org.br\/index.php?rest_route=\/wp\/v2\/users\/1"}],"replies":[{"embeddable":true,"href":"https:\/\/obscom.intervozes.org.br\/index.php?rest_route=%2Fwp%2Fv2%2Fcomments&post=23327"}],"version-history":[{"count":0,"href":"https:\/\/obscom.intervozes.org.br\/index.php?rest_route=\/wp\/v2\/posts\/23327\/revisions"}],"wp:attachment":[{"href":"https:\/\/obscom.intervozes.org.br\/index.php?rest_route=%2Fwp%2Fv2%2Fmedia&parent=23327"}],"wp:term":[{"taxonomy":"category","embeddable":true,"href":"https:\/\/obscom.intervozes.org.br\/index.php?rest_route=%2Fwp%2Fv2%2Fcategories&post=23327"},{"taxonomy":"post_tag","embeddable":true,"href":"https:\/\/obscom.intervozes.org.br\/index.php?rest_route=%2Fwp%2Fv2%2Ftags&post=23327"}],"curies":[{"name":"wp","href":"https:\/\/api.w.org\/{rel}","templated":true}]}}