{"id":23320,"date":"2009-09-09T14:47:30","date_gmt":"2009-09-09T14:47:30","guid":{"rendered":"https:\/\/obscom.intervozes.org.br\/wordpress\/?p=23320"},"modified":"2009-09-09T14:47:30","modified_gmt":"2009-09-09T14:47:30","slug":"comeca-renovacao-de-licencas-da-band-record-e-cultura","status":"publish","type":"post","link":"https:\/\/obscom.intervozes.org.br\/?p=23320","title":{"rendered":"Come\u00e7a renova\u00e7\u00e3o de licen\u00e7as da Band, Record e Cultura"},"content":{"rendered":"<p> \t<!-- \t\t@page { margin: 2cm } \t\tP { margin-bottom: 0.21cm } \t--> \t <\/p>\n<p style=\"margin-bottom: 0cm\" class=\"padrao\"><strong>Reproduzido do TelaViva News<\/strong><\/p>\n<p>Mais 17 emissoras de televis&atilde;o passar&atilde;o pelo crivo do Congresso Nacional para renovar suas licen&ccedil;as de opera&ccedil;&atilde;o. Depois das concess&otilde;es da Globo, que est&atilde;o prestes a serem renovadas ap&oacute;s meses de tramita&ccedil;&atilde;o no parlamento, agora &eacute; a vez de empresas como a Record, Bandeirantes, TV Cultura, RBS e Rede 21, entre outras. O in&iacute;cio da an&aacute;lise foi oficializado nesta ter&ccedil;a-feira, 8, com o envio de mensagem do presidente da Rep&uacute;blica para o Congresso Nacional.<\/p>\n<p>As concess&otilde;es das emissoras de televis&atilde;o para a cidade de S&atilde;o Paulo venceram neste ano. Os decretos renovando as licen&ccedil;as e que ser&atilde;o avaliados pelos parlamentares foram divididos em dois grupos: um com data de 27 de fevereiro de 2009 e outro de 12 de junho de 2009, dias subseq&uuml;entes ao vencimento das outorgas. Record, Band, RBS e Rede 21 fazem parte do primeiro grupo e a TV Cultura, do segundo. As concess&otilde;es de televis&atilde;o t&ecirc;m prazo de vig&ecirc;ncia de 15 anos e a decis&atilde;o de renovar ou n&atilde;o as licen&ccedil;as cabe ao Congresso Nacional. <em>(Mariana Mazza)<\/em><\/p>\n","protected":false},"excerpt":{"rendered":"<p>Reproduzido do TelaViva News Mais 17 emissoras de televis&atilde;o passar&atilde;o pelo crivo do Congresso Nacional para renovar suas licen&ccedil;as de opera&ccedil;&atilde;o. Depois das concess&otilde;es da Globo, que est&atilde;o prestes a serem renovadas ap&oacute;s meses de tramita&ccedil;&atilde;o no parlamento, agora &eacute; a vez de empresas como a Record, Bandeirantes, TV Cultura, RBS e Rede 21, entre &hellip; <a href=\"https:\/\/obscom.intervozes.org.br\/?p=23320\" class=\"more-link\">Continue lendo <span class=\"screen-reader-text\">Come\u00e7a renova\u00e7\u00e3o de licen\u00e7as da Band, Record e Cultura<\/span> <span class=\"meta-nav\">&rarr;<\/span><\/a><\/p>\n","protected":false},"author":1,"featured_media":0,"comment_status":"open","ping_status":"open","sticky":false,"template":"","format":"standard","meta":{"footnotes":""},"categories":[39],"tags":[],"_links":{"self":[{"href":"https:\/\/obscom.intervozes.org.br\/index.php?rest_route=\/wp\/v2\/posts\/23320"}],"collection":[{"href":"https:\/\/obscom.intervozes.org.br\/index.php?rest_route=\/wp\/v2\/posts"}],"about":[{"href":"https:\/\/obscom.intervozes.org.br\/index.php?rest_route=\/wp\/v2\/types\/post"}],"author":[{"embeddable":true,"href":"https:\/\/obscom.intervozes.org.br\/index.php?rest_route=\/wp\/v2\/users\/1"}],"replies":[{"embeddable":true,"href":"https:\/\/obscom.intervozes.org.br\/index.php?rest_route=%2Fwp%2Fv2%2Fcomments&post=23320"}],"version-history":[{"count":0,"href":"https:\/\/obscom.intervozes.org.br\/index.php?rest_route=\/wp\/v2\/posts\/23320\/revisions"}],"wp:attachment":[{"href":"https:\/\/obscom.intervozes.org.br\/index.php?rest_route=%2Fwp%2Fv2%2Fmedia&parent=23320"}],"wp:term":[{"taxonomy":"category","embeddable":true,"href":"https:\/\/obscom.intervozes.org.br\/index.php?rest_route=%2Fwp%2Fv2%2Fcategories&post=23320"},{"taxonomy":"post_tag","embeddable":true,"href":"https:\/\/obscom.intervozes.org.br\/index.php?rest_route=%2Fwp%2Fv2%2Ftags&post=23320"}],"curies":[{"name":"wp","href":"https:\/\/api.w.org\/{rel}","templated":true}]}}