{"id":23318,"date":"2009-09-08T18:18:16","date_gmt":"2009-09-08T18:18:16","guid":{"rendered":"https:\/\/obscom.intervozes.org.br\/wordpress\/?p=23318"},"modified":"2009-09-08T18:18:16","modified_gmt":"2009-09-08T18:18:16","slug":"cct-da-camara-debate-politicas-publicas-para-lan-houses","status":"publish","type":"post","link":"https:\/\/obscom.intervozes.org.br\/?p=23318","title":{"rendered":"CCT da C\u00e2mara debate pol\u00edticas p\u00fablicas para lan houses"},"content":{"rendered":"<p>   \t \t \t \t \t<!-- \t\t@page { margin: 2cm } \t\tP { margin-bottom: 0.21cm } \t--> \t  <\/p>\n<p style=\"margin-bottom: 0cm\" class=\"padrao\"><strong>Reproduzido do Tele.S&iacute;ntese<\/strong><\/p>\n<p>A Comiss&atilde;o de Ci&ecirc;ncia e Tecnologia da C&acirc;mara realiza audi&ecirc;ncia p&uacute;blica nesta quinta-feira (10) para discutir o funcionamento de lan houses. Os deputados querem discutir medidas para tornar as lan houses centros de cultura digital, com ambiente profissionalizado e apoio de institui&ccedil;&otilde;es p&uacute;blicas.<\/p>\n<p>Os parlamentares afirmam que o Pa&iacute;s j&aacute; conta com mais de 90 mil lan houses, cujo funcionamento, mesmo de forma desordenada, tem contribu&iacute;do para o processo de inclus&atilde;o digital. Segundo pesquisas, as lan houses respondem por mais de 40% dos acessos &agrave; internet no pa&iacute;s.<\/p>\n<p>Foram convidados para o debate o presidente da Associa&ccedil;&atilde;o Brasileira dos Centros de Inclus&atilde;o Digital, M&aacute;rio Brand&atilde;o; o orientador da lan-house Conjunto Antares na zona oeste do Rio de Janeiro, Anderson Luis Balbino de Sousa; o diretor administrativo da Associa&ccedil;&atilde;o Brasileira dos Centros de Inclus&atilde;o Digital, Rafael Maur&iacute;cio da Costa; os diretores da RadiumSystems, Rodrido Lara Mesquita e Oswaldo Gouv&ecirc;a de Oliveira; e o professor da Escola de Direito da Funda&ccedil;&atilde;o Get&uacute;llio Vargas (FGV), Ronaldo Lemos.<\/p>\n<p>O debate foi proposto pelos deputados Eduardo Gomes (PSDB-TO), presidente da comiss&atilde;o, e Otavio Leite (PSDB-RJ). A audi&ecirc;ncia est&aacute; marcada para as 10 horas no plen&aacute;rio 13. <em>(Da reda&ccedil;&atilde;o, com Ag&ecirc;ncia C&acirc;mara)<\/em><\/p>\n","protected":false},"excerpt":{"rendered":"<p>Reproduzido do Tele.S&iacute;ntese A Comiss&atilde;o de Ci&ecirc;ncia e Tecnologia da C&acirc;mara realiza audi&ecirc;ncia p&uacute;blica nesta quinta-feira (10) para discutir o funcionamento de lan houses. Os deputados querem discutir medidas para tornar as lan houses centros de cultura digital, com ambiente profissionalizado e apoio de institui&ccedil;&otilde;es p&uacute;blicas. Os parlamentares afirmam que o Pa&iacute;s j&aacute; conta com &hellip; <a href=\"https:\/\/obscom.intervozes.org.br\/?p=23318\" class=\"more-link\">Continue lendo <span class=\"screen-reader-text\">CCT da C\u00e2mara debate pol\u00edticas p\u00fablicas para lan houses<\/span> <span class=\"meta-nav\">&rarr;<\/span><\/a><\/p>\n","protected":false},"author":1,"featured_media":0,"comment_status":"open","ping_status":"open","sticky":false,"template":"","format":"standard","meta":{"footnotes":""},"categories":[39],"tags":[],"_links":{"self":[{"href":"https:\/\/obscom.intervozes.org.br\/index.php?rest_route=\/wp\/v2\/posts\/23318"}],"collection":[{"href":"https:\/\/obscom.intervozes.org.br\/index.php?rest_route=\/wp\/v2\/posts"}],"about":[{"href":"https:\/\/obscom.intervozes.org.br\/index.php?rest_route=\/wp\/v2\/types\/post"}],"author":[{"embeddable":true,"href":"https:\/\/obscom.intervozes.org.br\/index.php?rest_route=\/wp\/v2\/users\/1"}],"replies":[{"embeddable":true,"href":"https:\/\/obscom.intervozes.org.br\/index.php?rest_route=%2Fwp%2Fv2%2Fcomments&post=23318"}],"version-history":[{"count":0,"href":"https:\/\/obscom.intervozes.org.br\/index.php?rest_route=\/wp\/v2\/posts\/23318\/revisions"}],"wp:attachment":[{"href":"https:\/\/obscom.intervozes.org.br\/index.php?rest_route=%2Fwp%2Fv2%2Fmedia&parent=23318"}],"wp:term":[{"taxonomy":"category","embeddable":true,"href":"https:\/\/obscom.intervozes.org.br\/index.php?rest_route=%2Fwp%2Fv2%2Fcategories&post=23318"},{"taxonomy":"post_tag","embeddable":true,"href":"https:\/\/obscom.intervozes.org.br\/index.php?rest_route=%2Fwp%2Fv2%2Ftags&post=23318"}],"curies":[{"name":"wp","href":"https:\/\/api.w.org\/{rel}","templated":true}]}}