{"id":23313,"date":"2009-09-04T18:08:23","date_gmt":"2009-09-04T18:08:23","guid":{"rendered":"https:\/\/obscom.intervozes.org.br\/wordpress\/?p=23313"},"modified":"2009-09-04T18:08:23","modified_gmt":"2009-09-04T18:08:23","slug":"campanha-por-lei-de-acesso-a-informacao-publica-lanca-blog","status":"publish","type":"post","link":"https:\/\/obscom.intervozes.org.br\/?p=23313","title":{"rendered":"Campanha por lei de acesso \u00e0 informa\u00e7\u00e3o p\u00fablica lan\u00e7a blog"},"content":{"rendered":"<p>   \t \t \t \t \t<!-- \t\t@page { margin: 2cm } \t\tP { margin-bottom: 0.21cm } \t--> \t  <\/p>\n<p style=\"margin-bottom: 0cm\" class=\"padrao\">J&aacute; est&aacute; no ar o <a href=\"http:\/\/artigo19.org\/infoedireitoseu\/\" target=\"_blank\">blog da campanha &ldquo;A informa&ccedil;&atilde;o &eacute; um direito seu!&rdquo;<\/a> , lan&ccedil;ada na &uacute;ltima quinta-feira (03), pela ONG Artigo 19 Brasil. O objetivo principal do blog &eacute; a promo&ccedil;&atilde;o do direito de acesso &agrave; informa&ccedil;&atilde;o p&uacute;blica na sociedade brasileira e a mobiliza&ccedil;&atilde;o de pessoas e organiza&ccedil;&otilde;es do pa&iacute;s para pressionar deputados e senadores a aprovarem uma lei sobre o tema que respeite o interesse p&uacute;blico. <\/p>\n<p>No Congresso Nacional, foi criada uma comiss&atilde;o especial que j&aacute; est&aacute; analisando dois projetos que tratam do assunto (os projetos de lei 5228\/09 e 219\/03). A comiss&atilde;o &eacute; presidida pelo deputado Jos&eacute; Geno&iacute;no (PT-SP).<\/p>\n<p>Atrav&eacute;s do blog, &eacute; poss&iacute;vel acompanhar o andamento desses projetos.<\/p>\n<p style=\"margin-bottom: 0cm\" class=\"western\"> <\/p>\n","protected":false},"excerpt":{"rendered":"<p>J&aacute; est&aacute; no ar o blog da campanha &ldquo;A informa&ccedil;&atilde;o &eacute; um direito seu!&rdquo; , lan&ccedil;ada na &uacute;ltima quinta-feira (03), pela ONG Artigo 19 Brasil. O objetivo principal do blog &eacute; a promo&ccedil;&atilde;o do direito de acesso &agrave; informa&ccedil;&atilde;o p&uacute;blica na sociedade brasileira e a mobiliza&ccedil;&atilde;o de pessoas e organiza&ccedil;&otilde;es do pa&iacute;s para pressionar deputados &hellip; <a href=\"https:\/\/obscom.intervozes.org.br\/?p=23313\" class=\"more-link\">Continue lendo <span class=\"screen-reader-text\">Campanha por lei de acesso \u00e0 informa\u00e7\u00e3o p\u00fablica lan\u00e7a blog<\/span> <span class=\"meta-nav\">&rarr;<\/span><\/a><\/p>\n","protected":false},"author":1,"featured_media":0,"comment_status":"open","ping_status":"open","sticky":false,"template":"","format":"standard","meta":{"footnotes":""},"categories":[39],"tags":[],"_links":{"self":[{"href":"https:\/\/obscom.intervozes.org.br\/index.php?rest_route=\/wp\/v2\/posts\/23313"}],"collection":[{"href":"https:\/\/obscom.intervozes.org.br\/index.php?rest_route=\/wp\/v2\/posts"}],"about":[{"href":"https:\/\/obscom.intervozes.org.br\/index.php?rest_route=\/wp\/v2\/types\/post"}],"author":[{"embeddable":true,"href":"https:\/\/obscom.intervozes.org.br\/index.php?rest_route=\/wp\/v2\/users\/1"}],"replies":[{"embeddable":true,"href":"https:\/\/obscom.intervozes.org.br\/index.php?rest_route=%2Fwp%2Fv2%2Fcomments&post=23313"}],"version-history":[{"count":0,"href":"https:\/\/obscom.intervozes.org.br\/index.php?rest_route=\/wp\/v2\/posts\/23313\/revisions"}],"wp:attachment":[{"href":"https:\/\/obscom.intervozes.org.br\/index.php?rest_route=%2Fwp%2Fv2%2Fmedia&parent=23313"}],"wp:term":[{"taxonomy":"category","embeddable":true,"href":"https:\/\/obscom.intervozes.org.br\/index.php?rest_route=%2Fwp%2Fv2%2Fcategories&post=23313"},{"taxonomy":"post_tag","embeddable":true,"href":"https:\/\/obscom.intervozes.org.br\/index.php?rest_route=%2Fwp%2Fv2%2Ftags&post=23313"}],"curies":[{"name":"wp","href":"https:\/\/api.w.org\/{rel}","templated":true}]}}