{"id":23308,"date":"2009-09-04T16:57:59","date_gmt":"2009-09-04T16:57:59","guid":{"rendered":"https:\/\/obscom.intervozes.org.br\/wordpress\/?p=23308"},"modified":"2009-09-04T16:57:59","modified_gmt":"2009-09-04T16:57:59","slug":"para-a-oab-restricao-a-internet-em-eleicao-e-inconstitucional","status":"publish","type":"post","link":"https:\/\/obscom.intervozes.org.br\/?p=23308","title":{"rendered":"Para a OAB, restri\u00e7\u00e3o \u00e0 Internet em elei\u00e7\u00e3o \u00e9 inconstitucional"},"content":{"rendered":"<p>   \t \t \t \t \t<!-- \t\t@page { margin: 2cm } \t\tP { margin-bottom: 0.21cm } \t--> \t  <\/p>\n<p style=\"margin-bottom: 0cm\" class=\"padrao\">A Ordem dos Advogados do Brasil classificou a proposta que limita a cobertura dos sites de internet no per&iacute;odo eleitoral como uma &ldquo;forma de censura&rdquo;, que &ldquo;fere a liberdade de express&atilde;o, sendo flagrantemente inconstitucional&rdquo;. Marcus Vinicius Furtado Coelho, presidente da Comiss&atilde;o Nacional de Legisla&ccedil;&atilde;o do Conselho Federal da entidade, informa que ir&aacute; propor uma a&ccedil;&atilde;o direta de inconstitucionalidade questionando a proibi&ccedil;&atilde;o de cr&iacute;ticas a candidatos.<\/p>\n<p>&ldquo;A liberdade de opini&atilde;o foi constru&iacute;da a duras penas em nosso pa&iacute;s. Nada justifica o seu cerceamento, a introdu&ccedil;&atilde;o da censura pr&eacute;via&quot;, afirmou.<\/p>\n<p>A Reforma Eleitoral, aprovada pelas comiss&otilde;es de Constitui&ccedil;&atilde;o e Justi&ccedil;a e de Ci&ecirc;ncia e Tecnologia do Senado na &uacute;ltima quarta-feira (02\/09), equipara os ve&iacute;culos online com r&aacute;dios e TVs. Com isso, os sites s&atilde;o obrigados a seguir uma s&eacute;rie de regras, como a proibi&ccedil;&atilde;o de opini&atilde;o e de entrevistas com apenas um candidato.<\/p>\n<p><strong>Texto pode ser modificado<\/strong><\/p>\n<p>O texto, que seria votado ainda na quarta-feira, dever&aacute; ser&nbsp;apreciado pelo Plen&aacute;rio apenas na pr&oacute;xima semana. Ap&oacute;s cr&iacute;ticas da sociedade civil, senadores se mobilizam para modificar o texto e liberar a Internet. Alguns deles, ironicamente, se manifestaram pelo Twitter. Aloizio Mercadante (PT-SP), por exemplo, prometeu a apresenta&ccedil;&atilde;o de uma emenda.<\/p>\n<p>&ldquo;A lei em vigor veda propaganda pol&iacute;tica 48 horas antes da elei&ccedil;&atilde;o. Mas na web n&atilde;o pode caber essa restri&ccedil;&atilde;o. Na internet proibir &eacute; proibido&rdquo;, twittou.<\/p>\n<p>O relator da reforma, Eduardo Azeredo (PSDB-MG), estuda a inclus&atilde;o de uma refer&ecirc;ncia a liberdade de imprensa, mas sem a revoga&ccedil;&atilde;o do artigo sobre a Internet.<\/p>\n<p><strong>Desobedi&ecirc;ncia civil<\/strong><\/p>\n<p>O deputado federal Fernando Gabeira (PV-RJ), tamb&eacute;m pelo servi&ccedil;o de microblog, prega a &ldquo;desobedi&ecirc;ncia civil&rdquo;.<\/p>\n<p>&ldquo;Vamos brigar feio pela liberdade na internet nas elei&ccedil;&otilde;es. Na derrota, o caminho &eacute; a orienta&ccedil;&atilde;o de Thoreau para leis est&uacute;pidas: desobede&ccedil;a&rdquo;, escreveu.<\/p>\n","protected":false},"excerpt":{"rendered":"<p>A Ordem dos Advogados do Brasil classificou a proposta que limita a cobertura dos sites de internet no per&iacute;odo eleitoral como uma &ldquo;forma de censura&rdquo;, que &ldquo;fere a liberdade de express&atilde;o, sendo flagrantemente inconstitucional&rdquo;. Marcus Vinicius Furtado Coelho, presidente da Comiss&atilde;o Nacional de Legisla&ccedil;&atilde;o do Conselho Federal da entidade, informa que ir&aacute; propor uma a&ccedil;&atilde;o &hellip; <a href=\"https:\/\/obscom.intervozes.org.br\/?p=23308\" class=\"more-link\">Continue lendo <span class=\"screen-reader-text\">Para a OAB, restri\u00e7\u00e3o \u00e0 Internet em elei\u00e7\u00e3o \u00e9 inconstitucional<\/span> <span class=\"meta-nav\">&rarr;<\/span><\/a><\/p>\n","protected":false},"author":1,"featured_media":0,"comment_status":"open","ping_status":"open","sticky":false,"template":"","format":"standard","meta":{"footnotes":""},"categories":[40],"tags":[1094],"_links":{"self":[{"href":"https:\/\/obscom.intervozes.org.br\/index.php?rest_route=\/wp\/v2\/posts\/23308"}],"collection":[{"href":"https:\/\/obscom.intervozes.org.br\/index.php?rest_route=\/wp\/v2\/posts"}],"about":[{"href":"https:\/\/obscom.intervozes.org.br\/index.php?rest_route=\/wp\/v2\/types\/post"}],"author":[{"embeddable":true,"href":"https:\/\/obscom.intervozes.org.br\/index.php?rest_route=\/wp\/v2\/users\/1"}],"replies":[{"embeddable":true,"href":"https:\/\/obscom.intervozes.org.br\/index.php?rest_route=%2Fwp%2Fv2%2Fcomments&post=23308"}],"version-history":[{"count":0,"href":"https:\/\/obscom.intervozes.org.br\/index.php?rest_route=\/wp\/v2\/posts\/23308\/revisions"}],"wp:attachment":[{"href":"https:\/\/obscom.intervozes.org.br\/index.php?rest_route=%2Fwp%2Fv2%2Fmedia&parent=23308"}],"wp:term":[{"taxonomy":"category","embeddable":true,"href":"https:\/\/obscom.intervozes.org.br\/index.php?rest_route=%2Fwp%2Fv2%2Fcategories&post=23308"},{"taxonomy":"post_tag","embeddable":true,"href":"https:\/\/obscom.intervozes.org.br\/index.php?rest_route=%2Fwp%2Fv2%2Ftags&post=23308"}],"curies":[{"name":"wp","href":"https:\/\/api.w.org\/{rel}","templated":true}]}}