{"id":23306,"date":"2009-09-04T16:51:35","date_gmt":"2009-09-04T16:51:35","guid":{"rendered":"https:\/\/obscom.intervozes.org.br\/wordpress\/?p=23306"},"modified":"2009-09-04T16:51:35","modified_gmt":"2009-09-04T16:51:35","slug":"trt-penhora-acoes-da-intelig-por-conta-de-dividas-de-tanure-com-trabalhadores-da-gazeta-mercantil","status":"publish","type":"post","link":"https:\/\/obscom.intervozes.org.br\/?p=23306","title":{"rendered":"TRT penhora a\u00e7\u00f5es da Intelig por conta de d\u00edvidas de Tanure com trabalhadores da Gazeta Mercantil"},"content":{"rendered":"<p>   \t \t \t \t \t<!-- \t\t@page { margin: 2cm } \t\tP { margin-bottom: 0.21cm } \t--> \t   <\/p>\n<p style=\"margin-bottom: 0cm\" class=\"padrao\"><strong>Reproduzido do Telecom Online<\/strong><\/p>\n<p><em>[T&iacute;tulo original: Justi&ccedil;a mant&eacute;m penhora das a&ccedil;&otilde;es da Intelig para garantir pagamento de d&iacute;vidas trabalhistas]<\/em><\/p>\n<p>As a&ccedil;&otilde;es da Intelig continuam penhoradas para o pagamento de d&iacute;vidas do empres&aacute;rio Nelson Tanure. Em decis&atilde;o publicada nesta quinta-feira, 3, a desembargadora Maria Aparecida Duenhas, do Tribunal Regional do Trabalho de S&atilde;o Paulo, indefere o pedido de liminar impetrado pelos advogados de Tanure, que solicitaram o desbloqueio das a&ccedil;&otilde;es como forma de viabilizar a transfer&ecirc;ncia do controle da Intelig para a TIM.<\/p>\n<p>As a&ccedil;&otilde;es est&atilde;o penhoradas para garantir o pagamento de a&ccedil;&otilde;es trabalhistas de 380 ex-funcion&aacute;rios do jornal Gazeta Mercantil, administrado por Tanure at&eacute; maio, quando a publica&ccedil;&atilde;o deixou de circular. Em seu despacho, a desembargadora reconhece a sustenta&ccedil;&atilde;o feita pela defesa de que o bloqueio p&otilde;e em risco a venda da Intelig para a TIM, mas destaca que os valores sociais do trabalho e da dignidade da pessoa humana se sobrep&otilde;em.<\/p>\n<p>A decis&atilde;o mant&eacute;m o impasse no neg&oacute;cio fechado em abril entre a Docas, dona da Intelig, e a TIM. Na transa&ccedil;&atilde;o, a TIM assumiria 100% do capital social da Intelig por meio de troca de a&ccedil;&otilde;es, repassando a uma empresa controlada pela Docas Investimentos 6,15% das a&ccedil;&otilde;es ordin&aacute;rias e 6,15% das preferenciais da TIM Participa&ccedil;&otilde;es.<em> (Marineide Marques)<\/em><\/p>\n","protected":false},"excerpt":{"rendered":"<p>Reproduzido do Telecom Online [T&iacute;tulo original: Justi&ccedil;a mant&eacute;m penhora das a&ccedil;&otilde;es da Intelig para garantir pagamento de d&iacute;vidas trabalhistas] As a&ccedil;&otilde;es da Intelig continuam penhoradas para o pagamento de d&iacute;vidas do empres&aacute;rio Nelson Tanure. Em decis&atilde;o publicada nesta quinta-feira, 3, a desembargadora Maria Aparecida Duenhas, do Tribunal Regional do Trabalho de S&atilde;o Paulo, indefere o &hellip; <a href=\"https:\/\/obscom.intervozes.org.br\/?p=23306\" class=\"more-link\">Continue lendo <span class=\"screen-reader-text\">TRT penhora a\u00e7\u00f5es da Intelig por conta de d\u00edvidas de Tanure com trabalhadores da Gazeta Mercantil<\/span> <span class=\"meta-nav\">&rarr;<\/span><\/a><\/p>\n","protected":false},"author":1,"featured_media":0,"comment_status":"open","ping_status":"open","sticky":false,"template":"","format":"standard","meta":{"footnotes":""},"categories":[39],"tags":[],"_links":{"self":[{"href":"https:\/\/obscom.intervozes.org.br\/index.php?rest_route=\/wp\/v2\/posts\/23306"}],"collection":[{"href":"https:\/\/obscom.intervozes.org.br\/index.php?rest_route=\/wp\/v2\/posts"}],"about":[{"href":"https:\/\/obscom.intervozes.org.br\/index.php?rest_route=\/wp\/v2\/types\/post"}],"author":[{"embeddable":true,"href":"https:\/\/obscom.intervozes.org.br\/index.php?rest_route=\/wp\/v2\/users\/1"}],"replies":[{"embeddable":true,"href":"https:\/\/obscom.intervozes.org.br\/index.php?rest_route=%2Fwp%2Fv2%2Fcomments&post=23306"}],"version-history":[{"count":0,"href":"https:\/\/obscom.intervozes.org.br\/index.php?rest_route=\/wp\/v2\/posts\/23306\/revisions"}],"wp:attachment":[{"href":"https:\/\/obscom.intervozes.org.br\/index.php?rest_route=%2Fwp%2Fv2%2Fmedia&parent=23306"}],"wp:term":[{"taxonomy":"category","embeddable":true,"href":"https:\/\/obscom.intervozes.org.br\/index.php?rest_route=%2Fwp%2Fv2%2Fcategories&post=23306"},{"taxonomy":"post_tag","embeddable":true,"href":"https:\/\/obscom.intervozes.org.br\/index.php?rest_route=%2Fwp%2Fv2%2Ftags&post=23306"}],"curies":[{"name":"wp","href":"https:\/\/api.w.org\/{rel}","templated":true}]}}