{"id":23296,"date":"2009-09-03T16:17:10","date_gmt":"2009-09-03T16:17:10","guid":{"rendered":"https:\/\/obscom.intervozes.org.br\/wordpress\/?p=23296"},"modified":"2009-09-03T16:17:10","modified_gmt":"2009-09-03T16:17:10","slug":"regimento-interno-e-publicado-e-temario-ja-esta-em-pauta","status":"publish","type":"post","link":"https:\/\/obscom.intervozes.org.br\/?p=23296","title":{"rendered":"Regimento interno \u00e9 publicado e tem\u00e1rio j\u00e1 est\u00e1 em pauta"},"content":{"rendered":"<p> \t<!-- \t\t@page { margin: 2cm } \t\tP { margin-bottom: 0.21cm } \t--><\/p>\n<p style=\"margin-bottom: 0cm\" class=\"padrao\">Foi publicado hoje (3) no Di&aacute;rio Oficial da Uni&atilde;o o regimento interno da 1&ordf; Confer&ecirc;ncia Nacional de Comunica&ccedil;&atilde;o (Confecom).Os termos do documento foram definidos em reuni&atilde;o da Comiss&atilde;o Organizadora (CON) realizada na ter&ccedil;a-feira (1). As regras para realiza&ccedil;&atilde;o das etapas regionais, estaduais e nacional da Confecom s&atilde;o, assim, publicadas com quase dois meses de atraso. <\/p>\n<p>Ontem (2), uma subcomiss&atilde;o da CON tamb&eacute;m chegou a um primeiro rascunho do tem&aacute;rio da Confer&ecirc;ncia. Assim como o regimento, que estabelece o n&uacute;mero de delegados por estado e por setor al&eacute;m da forma de elei&ccedil;&atilde;o destes, a defini&ccedil;&atilde;o dos eixos tem&aacute;ticos &eacute; fundamental para a realiza&ccedil;&atilde;o das etapas preparat&oacute;rias da Confecom. O tem&aacute;rio aponta os rumos do debate, al&eacute;m de organizar a apresenta&ccedil;&atilde;o das propostas de forma que as contribui&ccedil;&otilde;es de cada estado possam ser apreciadas de forma conjunta.<\/p>\n<p>Devido ao atraso, foi preciso incluir no regimento algumas medidas para garantir a conformidade das confer&ecirc;ncia estaduais que j&aacute; foram convocadas. Os decretos que as convocaram continuar&atilde;o a vigorar desde que a realiza&ccedil;&atilde;o da etapa esteja prevista para o per&iacute;odo estipulado pelo calend&aacute;rio aprovado pelo regimento e que os temas estejam de acordo com o que ser&aacute; discutido na etapa nacional. A data limite para que as confer&ecirc;ncias estaduais aconte&ccedil;am &eacute; 8 de novembro, sendo que o governo estadual tem at&eacute; o dia 15 de setembro para convoc&aacute;-las. N&atilde;o havendo convoca&ccedil;&atilde;o pelo Executivo, as assembl&eacute;ias podem faz&ecirc;-lo at&eacute; o dia 20 de setembro. Se o Legislativo tamb&eacute;m demorar a convocar a etapa estadual, ainda assim o chamado pode ser feito pela Comiss&atilde;o Organizadora. <\/p>\n<p><strong>Divis&atilde;o de delegados<\/p>\n<p><\/strong>O regimento traduziu em cifras o acordo sobre o n&uacute;mero de delegados e a divis&atilde;o das vagas pelos tr&ecirc;s setores &ndash; setor p&uacute;blico, setor empresarial e sociedade civil n&atilde;o-empresarial. Ao todo, a Confecom ter&aacute; 1.539 delegados, sendo 66 natos (os membros da CON), 150 indicados pelo governo federal e 1.323 eleitos nas etapas estaduais. A propor&ccedil;&atilde;o de 40% das vagas para a sociedade n&atilde;o-empresarial, 40% para os empres&aacute;rios e 20% para o setor p&uacute;blico ser&aacute; considerada sobre a soma de todos os delegados, incluindo os natos e os indicados pelo governo federal. <\/p>\n<p>J&aacute; a divis&atilde;o de delegados por Unidade da Federa&ccedil;&atilde;o foi definida seguindo a composi&ccedil;&atilde;o da C&acirc;mara dos Deputados. Assim, o n&uacute;mero de delegados por estado ficou em tr&ecirc;s vezes o n&uacute;mero de deputados estaduais ou distrital (no caso do DF).<\/p>\n<p><strong>Elei&ccedil;&atilde;o e qu&oacute;rum<\/strong><\/p>\n<p>A elei&ccedil;&atilde;o dos delegados dever&aacute; ser feita exclusivamente nas etapas estaduais. As etapas municipais ou regionais, tamb&eacute;m previstas no regimento, dever&atilde;o ter car&aacute;ter apenas preparat&oacute;rio. O regimento n&atilde;o impede que estas confer&ecirc;ncias locais elejam delegados para participarem da estadual, mas deixa expl&iacute;cito que qualquer cidad&atilde;o ter&aacute; direito a voz e voto nas etapas que elegem delegados para a Confecom.<\/p>\n<p>Ainda sobre o processo de tiragem de delegados, a reda&ccedil;&atilde;o final deixou como recomenda&ccedil;&atilde;o, e n&atilde;o obriga&ccedil;&atilde;o, que as comiss&otilde;es estaduais observem a exist&ecirc;ncia de dois participantes inscritos na etapa para cada delegado eleito. Estados que n&atilde;o realizem confer&ecirc;ncia ter&atilde;o um delegado indicado pela Comiss&atilde;o Organizadora.<\/p>\n<p>O regimento tamb&eacute;m confirmou a necessidade de qu&oacute;rum qualificado para aprovar medidas nos chamados &ldquo;temas sens&iacute;veis&rdquo;, conforme acordo fechado na semana passada em reuni&atilde;o entre governo, empres&aacute;rios e representantes da sociedade civil n&atilde;o-empresarial. Ao se definir a &ldquo;modalidade de delibera&ccedil;&atilde;o qualificada&rdquo; manteve-se a proposta do governo de 60%, com no m&iacute;nimo um voto de cada segmento. J&aacute; a defini&ccedil;&atilde;o dos temas sens&iacute;veis que exigir&atilde;o esta forma de delibera&ccedil;&atilde;o se dar&aacute; atrav&eacute;s de representa&ccedil;&atilde;o apoiada por pelo menos 50% dos delegados de um dos setores representados na confer&ecirc;ncia. Essa modalidade de delibera&ccedil;&atilde;o e tamb&eacute;m a defini&ccedil;&atilde;o dos temas sens&iacute;veis valer&atilde;o para as etapas preparat&oacute;rias. Alguns representantes dos movimentos sociais manifestaram desacordo, mas a vota&ccedil;&atilde;o final confirmou a proposta definida no acordo.<\/p>\n<p>Havia a expectativa de que o regimento previsse a cria&ccedil;&atilde;o de um modelo de acompanhamento da implementa&ccedil;&atilde;o do conte&uacute;do do relat&oacute;rio final da Confecom. Esta medida, por&eacute;m, n&atilde;o foi inclu&iacute;da na vers&atilde;o final do regimento.<\/p>\n<p style=\"margin-bottom: 0cm\" class=\"padrao\"><strong>Tem&aacute;rio em discuss&atilde;o<\/strong><\/p>\n<p>Na quarta-feira (2), representantes dos tr&ecirc;s segmentos que comp&otilde;es a CO se reuniram para come&ccedil;ar a definir os eixos tem&aacute;ticos e a metodologia da Confecom. At&eacute; o momento, a proposta em quest&atilde;o estabelece tr&ecirc;s eixos: Produ&ccedil;&atilde;o, Meios de Distribui&ccedil;&atilde;o e Direitos e Cidadania.<\/p>\n<p>Dentro de cada eixo ser&atilde;o inclu&iacute;dos uma s&eacute;rie de temas. A primeira grande pol&ecirc;mica j&aacute; era prevista: empres&aacute;rios e representantes do Minist&eacute;rio das Comunica&ccedil;&otilde;es foram contra a inclus&atilde;o do termo &ldquo;Controle P&uacute;blico&rdquo; no eixo Direitos e Cidadania. Os dois grupos defendem a redu&ccedil;&atilde;o do tema &agrave; &ldquo;Participa&ccedil;&atilde;o social nas comunica&ccedil;&otilde;es&rdquo;.<\/p>\n<p>Membros da Comiss&atilde;o Organizadora devem se reunir na pr&oacute;xima semana para se dedicar aos eixos tem&aacute;ticos, metodologia e o documento de refer&ecirc;ncia que dever&aacute; detalhar cada um dos temas direcionando caminhos para as discuss&otilde;es. A pr&oacute;xima reuni&atilde;o oficial da CON ainda n&atilde;o tem data prevista.<\/p>\n<p><a href=\"http:\/\/www.in.gov.br\/imprensa\/visualiza\/index.jsp?jornal=1&amp;pagina=72&amp;data=03\/09\/2009\" target=\"_blank\">Veja a &iacute;ntegra da Portaria 667, que aprova o Regimento Interno da 1&ordf; Confecom.<\/a>  <\/p>\n","protected":false},"excerpt":{"rendered":"\n<p style=\"margin-bottom: 0cm\" class=\"padrao\">Comiss&atilde;o Organizadora aprovou regras para realiza&ccedil;&atilde;o das etapas da confer&ecirc;ncia e entidades j&aacute; se reuniram para iniciar debates sobre tem&aacute;rio<\/p>\n","protected":false},"author":1,"featured_media":0,"comment_status":"open","ping_status":"open","sticky":false,"template":"","format":"standard","meta":{"footnotes":""},"categories":[40],"tags":[1012],"_links":{"self":[{"href":"https:\/\/obscom.intervozes.org.br\/index.php?rest_route=\/wp\/v2\/posts\/23296"}],"collection":[{"href":"https:\/\/obscom.intervozes.org.br\/index.php?rest_route=\/wp\/v2\/posts"}],"about":[{"href":"https:\/\/obscom.intervozes.org.br\/index.php?rest_route=\/wp\/v2\/types\/post"}],"author":[{"embeddable":true,"href":"https:\/\/obscom.intervozes.org.br\/index.php?rest_route=\/wp\/v2\/users\/1"}],"replies":[{"embeddable":true,"href":"https:\/\/obscom.intervozes.org.br\/index.php?rest_route=%2Fwp%2Fv2%2Fcomments&post=23296"}],"version-history":[{"count":0,"href":"https:\/\/obscom.intervozes.org.br\/index.php?rest_route=\/wp\/v2\/posts\/23296\/revisions"}],"wp:attachment":[{"href":"https:\/\/obscom.intervozes.org.br\/index.php?rest_route=%2Fwp%2Fv2%2Fmedia&parent=23296"}],"wp:term":[{"taxonomy":"category","embeddable":true,"href":"https:\/\/obscom.intervozes.org.br\/index.php?rest_route=%2Fwp%2Fv2%2Fcategories&post=23296"},{"taxonomy":"post_tag","embeddable":true,"href":"https:\/\/obscom.intervozes.org.br\/index.php?rest_route=%2Fwp%2Fv2%2Ftags&post=23296"}],"curies":[{"name":"wp","href":"https:\/\/api.w.org\/{rel}","templated":true}]}}